{"id":1619,"date":"2025-03-05T00:00:00","date_gmt":"2025-03-05T00:00:00","guid":{"rendered":""},"modified":"2025-03-05T00:00:00","modified_gmt":"2025-03-05T00:00:00","slug":"20250307608061","status":"publish","type":"post","link":"https:\/\/www.yvelinesradio.com\/radio\/2025\/03\/05\/20250307608061\/","title":{"rendered":"\u00ab\u00a0FRAN\u00c7\u00c9\u00a0\u00bb Th\u00e9\u00e2tre des Bergeries"},"content":{"rendered":"<figure class=\"wp-block-image size-full\"><img decoding=\"async\" src=\"https:\/\/www.yvelinesradio.com\/infos\/chroniques\/SORTIES_A_PARIS___FRAN____Th__tre_des_Bergeries__3872123115.jpg\"alt=\"\" class=\"wp-image-32\" \/><\/figure><figure class=\"wp-block-audio\"><audio controls src=\"https:\/\/www.yvelinesradio.com\/infos\/chroniques\/SORTIES_A_PARIS___FRAN____Th__tre_des_Bergeries__9635394415.mp3\"><\/audio><\/figure><p>Un spectacle de, et avec:\r\n\r\nLamine DIAGNE &#038; Raymond DIKOUM\u00c9\r\n\r\n \r\n\r\n\u00ab\u00a0FRAN\u00c7\u00c9\u00a0\u00bb, c&rsquo;est un portrait crois\u00e9 sur ce que l&rsquo;on peut nommer \u00ab\u00a0La Question Noire\u00a0\u00bb Fran\u00e7aise.\r\n\r\nPour le prochain Festival Off en Avignon, cette affiche sera en repr\u00e9sentation au \u00ab\u00a0Th\u00e9\u00e2tre des Halles\u00a0\u00bb.\r\n\r\n \r\n\r\nMise en Sc\u00e8ne: Jessica DALLE\r\n\r\nIls font deux dates exceptionnelles, au Th\u00e9\u00e2tre des Bergeries, \u00e0 Noisy-Le-Sec.\r\n\r\nLe Vendredi 21 Mars \u00e0 20h30\r\n\r\n(\u00c0 cette occasion, le restaurant du Th\u00e9\u00e2tre proposera \u00e0 sa carte une succulente cuisine Camerounaise !)\r\n\r\nLe Samedi 22 Mars \u00e0 18h00\r\n\r\nDur\u00e9e: 1h00\r\n\r\n \r\n\r\n\r\n \r\n\r\nTH\u00c9\u00c2TRE DES BERGERIES\r\n\r\n(Noisy-Le-Sec)\r\n\r\n01 41 83 15 20\r\n\r\n \r\n\r\n \r\n\r\nRobert BONNARDOT<\/p>","protected":false},"excerpt":{"rendered":"<p>Un spectacle de, et avec: Lamine DIAGNE &#038; Raymond DIKOUM\u00c9 \u00ab\u00a0FRAN\u00c7\u00c9\u00a0\u00bb, c&rsquo;est un portrait crois\u00e9 sur ce que l&rsquo;on peut nommer \u00ab\u00a0La Question Noire\u00a0\u00bb Fran\u00e7aise. Pour le prochain Festival Off en Avignon, cette affiche sera en repr\u00e9sentation au \u00ab\u00a0Th\u00e9\u00e2tre des Halles\u00a0\u00bb. Mise en Sc\u00e8ne: Jessica DALLE Ils font deux dates exceptionnelles, au Th\u00e9\u00e2tre des Bergeries, [&hellip;]<\/p>\n","protected":false},"author":11,"featured_media":0,"comment_status":"closed","ping_status":"open","sticky":false,"template":"","format":"standard","meta":{"footnotes":""},"categories":[],"tags":[],"_links":{"self":[{"href":"https:\/\/www.yvelinesradio.com\/radio\/wp-json\/wp\/v2\/posts\/1619"}],"collection":[{"href":"https:\/\/www.yvelinesradio.com\/radio\/wp-json\/wp\/v2\/posts"}],"about":[{"href":"https:\/\/www.yvelinesradio.com\/radio\/wp-json\/wp\/v2\/types\/post"}],"author":[{"embeddable":true,"href":"https:\/\/www.yvelinesradio.com\/radio\/wp-json\/wp\/v2\/users\/11"}],"replies":[{"embeddable":true,"href":"https:\/\/www.yvelinesradio.com\/radio\/wp-json\/wp\/v2\/comments?post=1619"}],"version-history":[{"count":0,"href":"https:\/\/www.yvelinesradio.com\/radio\/wp-json\/wp\/v2\/posts\/1619\/revisions"}],"wp:attachment":[{"href":"https:\/\/www.yvelinesradio.com\/radio\/wp-json\/wp\/v2\/media?parent=1619"}],"wp:term":[{"taxonomy":"category","embeddable":true,"href":"https:\/\/www.yvelinesradio.com\/radio\/wp-json\/wp\/v2\/categories?post=1619"},{"taxonomy":"post_tag","embeddable":true,"href":"https:\/\/www.yvelinesradio.com\/radio\/wp-json\/wp\/v2\/tags?post=1619"}],"curies":[{"name":"wp","href":"https:\/\/api.w.org\/{rel}","templated":true}]}}