{"id":1618,"date":"2025-03-05T00:00:00","date_gmt":"2025-03-05T00:00:00","guid":{"rendered":""},"modified":"2025-03-05T00:00:00","modified_gmt":"2025-03-05T00:00:00","slug":"20250307592393","status":"publish","type":"post","link":"https:\/\/www.yvelinesradio.com\/radio\/2025\/03\/05\/20250307592393\/","title":{"rendered":"\u00ab\u00a0NEUF MOI(S) par BOUBA \u00e0 LA DIVINE COM\u00c9DIE"},"content":{"rendered":"<figure class=\"wp-block-image size-full\"><img decoding=\"async\" src=\"https:\/\/www.yvelinesradio.com\/infos\/chroniques\/SORTIES_A_PARIS___NEUF_MOI_S__par_BOUBA___LA_DIVINE_COM_D__2510598011.jpg\"alt=\"\" class=\"wp-image-32\" \/><\/figure><figure class=\"wp-block-audio\"><audio controls src=\"https:\/\/www.yvelinesradio.com\/infos\/chroniques\/SORTIES_A_PARIS___NEUF_MOI_S__par_BOUBA___LA_DIVINE_COM_D__5580687515.mp3\"><\/audio><\/figure><p>BOUBA (avec un U), peut-\u00eatre a t-il choisi ce pseudo, en souvenir de \u00ab\u00a0Bouba l&rsquo;Ourson\u00a0\u00bb, un dessin anim\u00e9 de son enfance?\r\n\r\nMais, il rejoint l&rsquo;ourson dans la tendresse d&rsquo;un papa, qui voit sa vie transform\u00e9e par la naissance de sa fille, qui va bouleverser sa vie, ce qu&rsquo;il a v\u00e9cu pendant 9 mois, ou 9 Moi(s).\r\n\r\nIl r\u00eavait d&rsquo;\u00eatre footballeur, mais la rencontre avec la maman de sa fille, lui donne deux femmes dans sa vie !\r\n\r\nEt c&rsquo;est ce qu&rsquo;il vient vous raconter sur la sc\u00e8ne de La DIVINE COM\u00c9DIE.\r\n\r\n \r\n\r\nMise en Sc\u00e8ne: Jean-Marc MICHELANGELI\r\n\r\n \r\n\r\nTous les Samedis \u00e0 21h00\r\n\r\n \r\n\r\nDur\u00e9e: 1h00\r\n\r\n \r\n\r\n\r\n \r\n\r\nTH\u00c9\u00c2TRE LA DIVINE COM\u00c9DIE\r\n\r\n01 42 46 03 63\r\n\r\n \r\n\r\n \r\n\r\nRobert BONNARDOT<\/p>","protected":false},"excerpt":{"rendered":"<p>BOUBA (avec un U), peut-\u00eatre a t-il choisi ce pseudo, en souvenir de \u00ab\u00a0Bouba l&rsquo;Ourson\u00a0\u00bb, un dessin anim\u00e9 de son enfance? Mais, il rejoint l&rsquo;ourson dans la tendresse d&rsquo;un papa, qui voit sa vie transform\u00e9e par la naissance de sa fille, qui va bouleverser sa vie, ce qu&rsquo;il a v\u00e9cu pendant 9 mois, ou 9 [&hellip;]<\/p>\n","protected":false},"author":11,"featured_media":0,"comment_status":"closed","ping_status":"open","sticky":false,"template":"","format":"standard","meta":{"footnotes":""},"categories":[],"tags":[],"_links":{"self":[{"href":"https:\/\/www.yvelinesradio.com\/radio\/wp-json\/wp\/v2\/posts\/1618"}],"collection":[{"href":"https:\/\/www.yvelinesradio.com\/radio\/wp-json\/wp\/v2\/posts"}],"about":[{"href":"https:\/\/www.yvelinesradio.com\/radio\/wp-json\/wp\/v2\/types\/post"}],"author":[{"embeddable":true,"href":"https:\/\/www.yvelinesradio.com\/radio\/wp-json\/wp\/v2\/users\/11"}],"replies":[{"embeddable":true,"href":"https:\/\/www.yvelinesradio.com\/radio\/wp-json\/wp\/v2\/comments?post=1618"}],"version-history":[{"count":0,"href":"https:\/\/www.yvelinesradio.com\/radio\/wp-json\/wp\/v2\/posts\/1618\/revisions"}],"wp:attachment":[{"href":"https:\/\/www.yvelinesradio.com\/radio\/wp-json\/wp\/v2\/media?parent=1618"}],"wp:term":[{"taxonomy":"category","embeddable":true,"href":"https:\/\/www.yvelinesradio.com\/radio\/wp-json\/wp\/v2\/categories?post=1618"},{"taxonomy":"post_tag","embeddable":true,"href":"https:\/\/www.yvelinesradio.com\/radio\/wp-json\/wp\/v2\/tags?post=1618"}],"curies":[{"name":"wp","href":"https:\/\/api.w.org\/{rel}","templated":true}]}}