{"id":1617,"date":"2025-03-06T00:00:00","date_gmt":"2025-03-06T00:00:00","guid":{"rendered":""},"modified":"2025-03-06T00:00:00","modified_gmt":"2025-03-06T00:00:00","slug":"20250307639793","status":"publish","type":"post","link":"https:\/\/www.yvelinesradio.com\/radio\/2025\/03\/06\/20250307639793\/","title":{"rendered":"\u00ab\u00a0D\u00c9MONS\u00a0\u00bb au Th\u00e9\u00e2tre Montmartre Galabru"},"content":{"rendered":"<figure class=\"wp-block-image size-full\"><img decoding=\"async\" src=\"https:\/\/www.yvelinesradio.com\/infos\/chroniques\/SORTIES_A_PARIS___D_MONS__au_Th__tre_Montmartre_Galabru__6751206698.png\"alt=\"\" class=\"wp-image-32\" \/><\/figure><figure class=\"wp-block-audio\"><audio controls src=\"https:\/\/www.yvelinesradio.com\/infos\/chroniques\/SORTIES_A_PARIS___D_MONS__au_Th__tre_Montmartre_Galabru__9350929049.mp3\"><\/audio><\/figure><p>Un spectacle que j&rsquo;ai vu tr\u00e8s souvent, et qui est \u00e0 l&rsquo;affiche du Th\u00e9\u00e2tre Montmartre Galabru, interpr\u00e9t\u00e9 par une talentueuse troupe th\u00e9\u00e2trale, et je vous recommande vivement, de ne pas rater cette pi\u00e8ce !\r\n\r\n\u00ab\u00a0D\u00c9MONS\u00a0\u00bb de Lars NOR\u00c9N (1944-2021), dramaturge su\u00e9dois, \u00e9crite en 1984.\r\n\r\n \r\n\r\nAvec:\r\n\r\nLouise BERTRAN\r\n\r\nC\u00e9lian IAICHOUCHENE\r\n\r\nJustine M\u00c9NAGE\r\n\r\nGuillaume PREVOT\r\n\r\n \r\n\r\nCr\u00e9ation Lumi\u00e8res: Nicolas SCHIAVO\r\n\r\n \r\n\r\nMise en Sc\u00e8ne: Louise BERTRAN\r\n\r\n \r\n\r\nJusqu&rsquo;au 7 Avril 2025\r\n\r\nLes Dimanches \u00e0 20h30\r\n\r\n \r\n\r\nDur\u00e9e: 1h30\r\n\r\n \r\n\r\n\r\n \r\n\r\nTH\u00c9\u00c2TRE MONTMARTRE GALABRU\r\n\r\n01 42 23 15 85\r\n\r\n \r\n\r\n \r\n\r\nRobert BONNARDOT<\/p>","protected":false},"excerpt":{"rendered":"<p>Un spectacle que j&rsquo;ai vu tr\u00e8s souvent, et qui est \u00e0 l&rsquo;affiche du Th\u00e9\u00e2tre Montmartre Galabru, interpr\u00e9t\u00e9 par une talentueuse troupe th\u00e9\u00e2trale, et je vous recommande vivement, de ne pas rater cette pi\u00e8ce ! \u00ab\u00a0D\u00c9MONS\u00a0\u00bb de Lars NOR\u00c9N (1944-2021), dramaturge su\u00e9dois, \u00e9crite en 1984. Avec: Louise BERTRAN C\u00e9lian IAICHOUCHENE Justine M\u00c9NAGE Guillaume PREVOT Cr\u00e9ation Lumi\u00e8res: [&hellip;]<\/p>\n","protected":false},"author":11,"featured_media":0,"comment_status":"closed","ping_status":"open","sticky":false,"template":"","format":"standard","meta":{"footnotes":""},"categories":[],"tags":[],"_links":{"self":[{"href":"https:\/\/www.yvelinesradio.com\/radio\/wp-json\/wp\/v2\/posts\/1617"}],"collection":[{"href":"https:\/\/www.yvelinesradio.com\/radio\/wp-json\/wp\/v2\/posts"}],"about":[{"href":"https:\/\/www.yvelinesradio.com\/radio\/wp-json\/wp\/v2\/types\/post"}],"author":[{"embeddable":true,"href":"https:\/\/www.yvelinesradio.com\/radio\/wp-json\/wp\/v2\/users\/11"}],"replies":[{"embeddable":true,"href":"https:\/\/www.yvelinesradio.com\/radio\/wp-json\/wp\/v2\/comments?post=1617"}],"version-history":[{"count":0,"href":"https:\/\/www.yvelinesradio.com\/radio\/wp-json\/wp\/v2\/posts\/1617\/revisions"}],"wp:attachment":[{"href":"https:\/\/www.yvelinesradio.com\/radio\/wp-json\/wp\/v2\/media?parent=1617"}],"wp:term":[{"taxonomy":"category","embeddable":true,"href":"https:\/\/www.yvelinesradio.com\/radio\/wp-json\/wp\/v2\/categories?post=1617"},{"taxonomy":"post_tag","embeddable":true,"href":"https:\/\/www.yvelinesradio.com\/radio\/wp-json\/wp\/v2\/tags?post=1617"}],"curies":[{"name":"wp","href":"https:\/\/api.w.org\/{rel}","templated":true}]}}