{"id":1616,"date":"2025-03-05T00:00:00","date_gmt":"2025-03-05T00:00:00","guid":{"rendered":""},"modified":"2025-03-05T00:00:00","modified_gmt":"2025-03-05T00:00:00","slug":"20250306687776","status":"publish","type":"post","link":"https:\/\/www.yvelinesradio.com\/radio\/2025\/03\/05\/20250306687776\/","title":{"rendered":"\u00ab\u00a0UNE HEURE AVEC&#8230;\u00a0\u00bb Jeremy Manesse , Gianni Corvi  (Rediffusion)"},"content":{"rendered":"<figure class=\"wp-block-image size-full\"><img decoding=\"async\" src=\"https:\/\/www.yvelinesradio.com\/infos\/emissions\/FRANCOIS_JOYEUX___UNE_HEURE_AVEC_____Jeremy_Manesse___Gia__6997338218.jpg\"alt=\"\" class=\"wp-image-32\" \/><\/figure><figure class=\"wp-block-audio\"><audio controls src=\"https:\/\/www.yvelinesradio.com\/infos\/emissions\/FRANCOIS_JOYEUX___UNE_HEURE_AVEC_____Jeremy_Manesse___Gia__5361490385.mp3\"><\/audio><\/figure><p>\u00a0\u00bb Une Heure Avec&#8230;\u00a0\u00bb Jeremy Manesse pour sa pi\u00e8ce \u00ab\u00a0Le pire premier rencard de l&rsquo;histoire\u00a0\u00bb (Caf\u00e9 de la Gare, Paris) et Gianni Corvi pour la pi\u00e8ce \u00ab\u00a0Le D\u00e9cam\u00e9ron\u00a0\u00bb (L&rsquo;Auguste Th\u00e9\u00e2tre, Paris)\r\nhttps:\/\/www.billetreduc.com\/360171\/evt.htm\r\nhttps:\/\/www.billetreduc.com\/361399\/evt.htm\r\n\u00e9mission enregistr\u00e9e \u00e0 l&rsquo;auguste th\u00e9\u00e2tre\r\nhttps:\/\/www.augustetheatre.com<\/p>","protected":false},"excerpt":{"rendered":"<p>\u00a0\u00bb Une Heure Avec&#8230;\u00a0\u00bb Jeremy Manesse pour sa pi\u00e8ce \u00ab\u00a0Le pire premier rencard de l&rsquo;histoire\u00a0\u00bb (Caf\u00e9 de la Gare, Paris) et Gianni Corvi pour la pi\u00e8ce \u00ab\u00a0Le D\u00e9cam\u00e9ron\u00a0\u00bb (L&rsquo;Auguste Th\u00e9\u00e2tre, Paris) https:\/\/www.billetreduc.com\/360171\/evt.htm https:\/\/www.billetreduc.com\/361399\/evt.htm \u00e9mission enregistr\u00e9e \u00e0 l&rsquo;auguste th\u00e9\u00e2tre https:\/\/www.augustetheatre.com<\/p>\n","protected":false},"author":17,"featured_media":0,"comment_status":"closed","ping_status":"open","sticky":false,"template":"","format":"standard","meta":{"footnotes":""},"categories":[],"tags":[],"_links":{"self":[{"href":"https:\/\/www.yvelinesradio.com\/radio\/wp-json\/wp\/v2\/posts\/1616"}],"collection":[{"href":"https:\/\/www.yvelinesradio.com\/radio\/wp-json\/wp\/v2\/posts"}],"about":[{"href":"https:\/\/www.yvelinesradio.com\/radio\/wp-json\/wp\/v2\/types\/post"}],"author":[{"embeddable":true,"href":"https:\/\/www.yvelinesradio.com\/radio\/wp-json\/wp\/v2\/users\/17"}],"replies":[{"embeddable":true,"href":"https:\/\/www.yvelinesradio.com\/radio\/wp-json\/wp\/v2\/comments?post=1616"}],"version-history":[{"count":0,"href":"https:\/\/www.yvelinesradio.com\/radio\/wp-json\/wp\/v2\/posts\/1616\/revisions"}],"wp:attachment":[{"href":"https:\/\/www.yvelinesradio.com\/radio\/wp-json\/wp\/v2\/media?parent=1616"}],"wp:term":[{"taxonomy":"category","embeddable":true,"href":"https:\/\/www.yvelinesradio.com\/radio\/wp-json\/wp\/v2\/categories?post=1616"},{"taxonomy":"post_tag","embeddable":true,"href":"https:\/\/www.yvelinesradio.com\/radio\/wp-json\/wp\/v2\/tags?post=1616"}],"curies":[{"name":"wp","href":"https:\/\/api.w.org\/{rel}","templated":true}]}}