{"id":158,"date":"2024-03-21T00:00:00","date_gmt":"2024-03-21T00:00:00","guid":{"rendered":""},"modified":"2024-03-21T00:00:00","modified_gmt":"2024-03-21T00:00:00","slug":"2024052730391","status":"publish","type":"post","link":"https:\/\/www.yvelinesradio.com\/radio\/2024\/03\/21\/2024052730391\/","title":{"rendered":"\u00ab\u00a0La Lumi\u00e8re du Bonheur\u00a0\u00bb Tome IV de \u00ab\u00a0La travers\u00e9e des Temps\u00a0\u00bb"},"content":{"rendered":"<figure class=\"wp-block-image size-full\"><img decoding=\"async\" src=\"https:\/\/www.yvelinesradio.com\/infos\/chroniques\/SORTIES_A_PARIS___La_Lumi_re_du_Bonheur__Tome_IV_de__La_t__0742672066.jpg\"alt=\"\" class=\"wp-image-32\" \/><\/figure><figure class=\"wp-block-audio\"><audio controls src=\"https:\/\/www.yvelinesradio.com\/infos\/chroniques\/SORTIES_A_PARIS___La_Lumi_re_du_Bonheur__Tome_IV_de__La_t__8595493186.mp3\"><\/audio><\/figure><p>C&rsquo;est toujours un moment tr\u00e8s attendu  que la publication   d&rsquo;un livre de \u00c9ric-Emmanuel SCHMITT.\r\n\r\nIl a commenc\u00e9 cette saga de La Travers\u00e9e des Temps,  en 2021.\r\n\r\nNous arrivons au tome IV.\r\n\r\nNous allons suivre les personnages d&rsquo;Ath\u00e8nes \u00e0 Olympie, ville berceau des Jeux qui vont se d\u00e9rouler \u00e0 Paris, cet \u00e9t\u00e9.\r\n\r\nUne proph\u00e9tie de la pythie de Delphes, la rencontre d&rsquo;une ravissante ath\u00e9nienne, et voil\u00e0 scell\u00e9 le destin de Noam.\r\n\r\n\r\n\u00c9ric-Emmanuel SCHMITT\r\n\r\n \r\n\r\nSORTIE CHEZ LES LIBRAIRES: 17 Avril 2024\r\n\r\n \r\n\r\n\r\nInfos: www.albin-michel.fr\r\n\r\n \r\n\r\n \r\n\r\nRobert BONNARDOT\r\n\r\n<\/p>","protected":false},"excerpt":{"rendered":"<p>C&rsquo;est toujours un moment tr\u00e8s attendu que la publication d&rsquo;un livre de \u00c9ric-Emmanuel SCHMITT. Il a commenc\u00e9 cette saga de La Travers\u00e9e des Temps, en 2021. Nous arrivons au tome IV. Nous allons suivre les personnages d&rsquo;Ath\u00e8nes \u00e0 Olympie, ville berceau des Jeux qui vont se d\u00e9rouler \u00e0 Paris, cet \u00e9t\u00e9. Une proph\u00e9tie de la [&hellip;]<\/p>\n","protected":false},"author":11,"featured_media":0,"comment_status":"closed","ping_status":"open","sticky":false,"template":"","format":"standard","meta":{"footnotes":""},"categories":[],"tags":[],"_links":{"self":[{"href":"https:\/\/www.yvelinesradio.com\/radio\/wp-json\/wp\/v2\/posts\/158"}],"collection":[{"href":"https:\/\/www.yvelinesradio.com\/radio\/wp-json\/wp\/v2\/posts"}],"about":[{"href":"https:\/\/www.yvelinesradio.com\/radio\/wp-json\/wp\/v2\/types\/post"}],"author":[{"embeddable":true,"href":"https:\/\/www.yvelinesradio.com\/radio\/wp-json\/wp\/v2\/users\/11"}],"replies":[{"embeddable":true,"href":"https:\/\/www.yvelinesradio.com\/radio\/wp-json\/wp\/v2\/comments?post=158"}],"version-history":[{"count":0,"href":"https:\/\/www.yvelinesradio.com\/radio\/wp-json\/wp\/v2\/posts\/158\/revisions"}],"wp:attachment":[{"href":"https:\/\/www.yvelinesradio.com\/radio\/wp-json\/wp\/v2\/media?parent=158"}],"wp:term":[{"taxonomy":"category","embeddable":true,"href":"https:\/\/www.yvelinesradio.com\/radio\/wp-json\/wp\/v2\/categories?post=158"},{"taxonomy":"post_tag","embeddable":true,"href":"https:\/\/www.yvelinesradio.com\/radio\/wp-json\/wp\/v2\/tags?post=158"}],"curies":[{"name":"wp","href":"https:\/\/api.w.org\/{rel}","templated":true}]}}