{"id":156,"date":"2024-03-22T00:00:00","date_gmt":"2024-03-22T00:00:00","guid":{"rendered":""},"modified":"2024-03-22T00:00:00","modified_gmt":"2024-03-22T00:00:00","slug":"20240527642101","status":"publish","type":"post","link":"https:\/\/www.yvelinesradio.com\/radio\/2024\/03\/22\/20240527642101\/","title":{"rendered":"\u00ab\u00a0C&rsquo;EST PAS FACILE D&rsquo;\u00caTRE HEUREUX, QUAND ON VA MAL"},"content":{"rendered":"<figure class=\"wp-block-image size-full\"><img decoding=\"async\" src=\"https:\/\/www.yvelinesradio.com\/infos\/chroniques\/SORTIES_A_PARIS___C_EST_PAS_FACILE_D__TRE_HEUREUX__QUAND___9652265820.jpg\"alt=\"\" class=\"wp-image-32\" \/><\/figure><figure class=\"wp-block-audio\"><audio controls src=\"https:\/\/www.yvelinesradio.com\/infos\/chroniques\/SORTIES_A_PARIS___C_EST_PAS_FACILE_D__TRE_HEUREUX__QUAND___9579730900.mp3\"><\/audio><\/figure><p>C&rsquo;est bien \u00e9crit, merveilleusement interpr\u00e9t\u00e9, et cela ne ressemble \u00e0 rien de ce que vous avez p\u00fb voir, jusqu&rsquo;\u00e0 ce spectacle qui va faire date, dans la cr\u00e9ation th\u00e9\u00e2trale.\r\n\r\nLes heurs et malheurs de cinq parisiens, dans une sc\u00e9nographie particuli\u00e8rement r\u00e9ussie et originale.\r\n\r\nJe ne suis qu&rsquo;\u00e0 peine surpris, eu \u00e9gard \u00e0 cette talentueuse distribution.\r\n\r\nUne pi\u00e8ce de Rudy MILSTEIN, dont j&rsquo;ai vu toutes les repr\u00e9sentations\r\n\r\ndepuis 2012.\r\n\r\nEt l&rsquo;apport de Nicolas LUMBRERAS, que j&rsquo;applaudis, depuis bient\u00f4t 20 ans&#8230;\r\n\r\nEt bravo aussi \u00e0:\r\n\r\nErwan T\u00c9N\u00c9R\u00c9\r\n\r\net les \u00e9blouissantes:\r\n\r\nBaya REHAZ\r\n\r\nZo\u00e9 BRUNEAU (en alternance avec Ariane BOUMENDI)\r\n\r\n \r\n\r\nSc\u00e9nographie: Natacha MARKOFF\r\n\r\nCr\u00e9ation Lumi\u00e8res: Denis KORANSKY\r\n\r\n \r\n\r\nMise en Sc\u00e8ne: Rudy MILSTEIN &#038; Nicolas LUMBRERAS, assist\u00e9s de Samuel DUTHU.\r\n\r\n \r\n\r\nJusqu&rsquo;au 12 Mai 2024\r\n\r\nDu Mercredi au Samedi \u00e0 21h00\r\n\r\nLes Dimanches \u00e0 15h00\r\n\r\n \r\n\r\nDur\u00e9e: 1h30\r\n\r\n \r\n\r\n\r\n \r\n\r\nTH\u00c9\u00c2TRE LEPIC\r\n\r\n01 42 54 15 12\r\n\r\n \r\n\r\n \r\n\r\nRobert BONNARDOT<\/p>","protected":false},"excerpt":{"rendered":"<p>C&rsquo;est bien \u00e9crit, merveilleusement interpr\u00e9t\u00e9, et cela ne ressemble \u00e0 rien de ce que vous avez p\u00fb voir, jusqu&rsquo;\u00e0 ce spectacle qui va faire date, dans la cr\u00e9ation th\u00e9\u00e2trale. Les heurs et malheurs de cinq parisiens, dans une sc\u00e9nographie particuli\u00e8rement r\u00e9ussie et originale. Je ne suis qu&rsquo;\u00e0 peine surpris, eu \u00e9gard \u00e0 cette talentueuse distribution. [&hellip;]<\/p>\n","protected":false},"author":11,"featured_media":0,"comment_status":"closed","ping_status":"open","sticky":false,"template":"","format":"standard","meta":{"footnotes":""},"categories":[],"tags":[],"_links":{"self":[{"href":"https:\/\/www.yvelinesradio.com\/radio\/wp-json\/wp\/v2\/posts\/156"}],"collection":[{"href":"https:\/\/www.yvelinesradio.com\/radio\/wp-json\/wp\/v2\/posts"}],"about":[{"href":"https:\/\/www.yvelinesradio.com\/radio\/wp-json\/wp\/v2\/types\/post"}],"author":[{"embeddable":true,"href":"https:\/\/www.yvelinesradio.com\/radio\/wp-json\/wp\/v2\/users\/11"}],"replies":[{"embeddable":true,"href":"https:\/\/www.yvelinesradio.com\/radio\/wp-json\/wp\/v2\/comments?post=156"}],"version-history":[{"count":0,"href":"https:\/\/www.yvelinesradio.com\/radio\/wp-json\/wp\/v2\/posts\/156\/revisions"}],"wp:attachment":[{"href":"https:\/\/www.yvelinesradio.com\/radio\/wp-json\/wp\/v2\/media?parent=156"}],"wp:term":[{"taxonomy":"category","embeddable":true,"href":"https:\/\/www.yvelinesradio.com\/radio\/wp-json\/wp\/v2\/categories?post=156"},{"taxonomy":"post_tag","embeddable":true,"href":"https:\/\/www.yvelinesradio.com\/radio\/wp-json\/wp\/v2\/tags?post=156"}],"curies":[{"name":"wp","href":"https:\/\/api.w.org\/{rel}","templated":true}]}}