{"id":150,"date":"2024-03-23T00:00:00","date_gmt":"2024-03-23T00:00:00","guid":{"rendered":""},"modified":"2024-03-23T00:00:00","modified_gmt":"2024-03-23T00:00:00","slug":"20240527103234","status":"publish","type":"post","link":"https:\/\/www.yvelinesradio.com\/radio\/2024\/03\/23\/20240527103234\/","title":{"rendered":"Pr\u00e9sentation Saison 2024 OP\u00c9RA COMIQUE"},"content":{"rendered":"<figure class=\"wp-block-image size-full\"><img decoding=\"async\" src=\"https:\/\/www.yvelinesradio.com\/infos\/chroniques\/SORTIES_A_PARIS__Pr_sentation_Saison______OP_RA_COMIQUE__4214064664.jpg\"alt=\"\" class=\"wp-image-32\" \/><\/figure><figure class=\"wp-block-audio\"><audio controls src=\"https:\/\/www.yvelinesradio.com\/infos\/chroniques\/SORTIES_A_PARIS__Pr_sentation_Saison______OP_RA_COMIQUE__3280909329.mp3\"><\/audio><\/figure><p>Soir\u00e9e de f\u00eate \u00e0 l\u0092Op\u00e9ra Comique : un d\u00e9but app\u00e9tissant avec la pr\u00e9sentation de la prochaine saison anim\u00e9e avec enthousiasme par son directeur tr\u00e8s convaincant Louis Langr\u00e9e et par Agn\u00e8s Terrier sa responsable de dramaturgie fort inspir\u00e9e. S\u0092ensuivit une r\u00e9p\u00e9tition ouverte de Maestro qui nous fit d\u00e9couvrir les arcanes de l\u0092interpr\u00e9tation musicale avec l\u0092orchestre de Chambre de Paris gr\u00e2ce au talent p\u00e9dagogique de Louis Langr\u00e9e, \u00e9galement chef d\u0092orchestre. Il nous r\u00e9v\u00e8le, micro en main,  le voyage au pays de Maurice Ravel afin de nous d\u00e9voiler les chemins qu\u0092emprunte ce compositeur de g\u00e9nie pour nous emmener au pays des contes de Perrault ou \u00e0 celui des animaux dans les Histoires Naturelles de Ravel. Un enchantement bucolique !\r\n\r\n\r\nMaurice RAVEL (1875-1937)\r\n\r\nQuant au nouveau programme propos\u00e9, il offre un parfait \u00e9quilibre entre les genres et les styles et diffuse la joie de la jeunesse avec des ouvertures vers la cr\u00e9ation contemporaine illustr\u00e9e par deux op\u00e9ras compos\u00e9s par George Benjamin et Clara Olivares. Autres belles surprises : deux op\u00e9ras ballets dramatiques de Gluck et l\u0092occasion de c\u00e9l\u00e9brer l\u0092anniversaire des 80 ans de William Christie qui dirigera les F\u00eates d\u0092H\u00e9b\u00e9 en d\u00e9cembre prochain. Par ailleurs, de nombreux \u00e9v\u00e8nements viendront enrichir l\u0092Esprit Favart : Pl\u00e9iades, colloques, masterclasses, portes ouvertes, r\u00e9citals\u0085 Magnifique alchimie des arts du chant, de la po\u00e9sie, de la musique et de la danse\u0085 La promesse d\u0092un festival de r\u00e9jouissances culturelles \u00e0 ne pas manquer pour les connaisseurs et  amateurs de tous \u00e2ges.\r\n\r\nAnne R\u00e9vanne, pour Sorties \u00e0 Paris\r\n\r\n \r\n \r\nOP\u00c9RA COMIQUE de PARIS\r\n\r\n01 70 23 01 31\r\n\r\n \r\n\r\nRobert BONNARDOT\r\n\r\n<\/p>","protected":false},"excerpt":{"rendered":"<p>Soir\u00e9e de f\u00eate \u00e0 l\u0092Op\u00e9ra Comique : un d\u00e9but app\u00e9tissant avec la pr\u00e9sentation de la prochaine saison anim\u00e9e avec enthousiasme par son directeur tr\u00e8s convaincant Louis Langr\u00e9e et par Agn\u00e8s Terrier sa responsable de dramaturgie fort inspir\u00e9e. S\u0092ensuivit une r\u00e9p\u00e9tition ouverte de Maestro qui nous fit d\u00e9couvrir les arcanes de l\u0092interpr\u00e9tation musicale avec l\u0092orchestre de [&hellip;]<\/p>\n","protected":false},"author":11,"featured_media":0,"comment_status":"closed","ping_status":"open","sticky":false,"template":"","format":"standard","meta":{"footnotes":""},"categories":[],"tags":[],"_links":{"self":[{"href":"https:\/\/www.yvelinesradio.com\/radio\/wp-json\/wp\/v2\/posts\/150"}],"collection":[{"href":"https:\/\/www.yvelinesradio.com\/radio\/wp-json\/wp\/v2\/posts"}],"about":[{"href":"https:\/\/www.yvelinesradio.com\/radio\/wp-json\/wp\/v2\/types\/post"}],"author":[{"embeddable":true,"href":"https:\/\/www.yvelinesradio.com\/radio\/wp-json\/wp\/v2\/users\/11"}],"replies":[{"embeddable":true,"href":"https:\/\/www.yvelinesradio.com\/radio\/wp-json\/wp\/v2\/comments?post=150"}],"version-history":[{"count":0,"href":"https:\/\/www.yvelinesradio.com\/radio\/wp-json\/wp\/v2\/posts\/150\/revisions"}],"wp:attachment":[{"href":"https:\/\/www.yvelinesradio.com\/radio\/wp-json\/wp\/v2\/media?parent=150"}],"wp:term":[{"taxonomy":"category","embeddable":true,"href":"https:\/\/www.yvelinesradio.com\/radio\/wp-json\/wp\/v2\/categories?post=150"},{"taxonomy":"post_tag","embeddable":true,"href":"https:\/\/www.yvelinesradio.com\/radio\/wp-json\/wp\/v2\/tags?post=150"}],"curies":[{"name":"wp","href":"https:\/\/api.w.org\/{rel}","templated":true}]}}