{"id":148,"date":"2024-03-25T00:00:00","date_gmt":"2024-03-25T00:00:00","guid":{"rendered":""},"modified":"2024-03-25T00:00:00","modified_gmt":"2024-03-25T00:00:00","slug":"20240527625041","status":"publish","type":"post","link":"https:\/\/www.yvelinesradio.com\/radio\/2024\/03\/25\/20240527625041\/","title":{"rendered":"\u00ab\u00a0JE VOUDRAIS CREVER&#8230;\u00a0\u00bb de Boris VIAN"},"content":{"rendered":"<figure class=\"wp-block-image size-full\"><img decoding=\"async\" src=\"https:\/\/www.yvelinesradio.com\/infos\/chroniques\/SORTIES_A_PARIS___JE_VOUDRAIS_CREVER_____de_Boris_VIAN__5176847044.jpg\"alt=\"\" class=\"wp-image-32\" \/><\/figure><figure class=\"wp-block-audio\"><audio controls src=\"https:\/\/www.yvelinesradio.com\/infos\/chroniques\/SORTIES_A_PARIS___JE_VOUDRAIS_CREVER_____de_Boris_VIAN__3896747743.mp3\"><\/audio><\/figure><p>Ce spectacle est adapt\u00e9 du titre d&rsquo;un recueil de po\u00e8mes, \u00e9crit pendant la p\u00e9riode tr\u00e8s sombre de Boris VIAN, de 1951 \u00e0 1953.\r\n\r\nIl a \u00e9t\u00e9 publi\u00e9 &#8211; \u00e0 titre posthume &#8211; en 1962.\r\n\r\nAnne, qui  \u00e9tait \u00e0 cette premi\u00e8re repr\u00e9sentation, pour Sorties \u00e0 Paris, me dit:\r\n\r\n\u00ab\u00a0Une merveilleuse interpr\u00e9tation des deux com\u00e9diens, lesquels avec beaucoup d&rsquo;humour, nous plongent dans la violence de cette po\u00e9sie, et dans la politesse du d\u00e9sespoir.\r\n\r\nUne boite \u00e0 rythme, est utilis\u00e9e, d&rsquo;un fa\u00e7on tr\u00e8s originale. Une agr\u00e9able soir\u00e9e !\u00a0\u00bb\r\n\r\nAvec:\r\n\r\nGuillaume BARRE &#038; Jonathan PERREIN\r\n\r\n\r\n \r\n\r\n \r\n\r\nBoris VIAN \r\n\r\n(1920-1959)\r\n\r\n \r\n\r\nMise en Sc\u00e8ne: Georgina RIDEALGH et Jonathan PERREIN\r\n\r\n \r\n\r\nDur\u00e9e: 1h10\r\n\r\n \r\n\r\n\r\n \r\n\r\nTH\u00c9\u00c2TRE DE L&rsquo;ESSA\u00cfON\r\n\r\n01 42 78 46 42\r\n\r\n \r\n\r\n \r\n\r\nRobert BONNARDOT<\/p>","protected":false},"excerpt":{"rendered":"<p>Ce spectacle est adapt\u00e9 du titre d&rsquo;un recueil de po\u00e8mes, \u00e9crit pendant la p\u00e9riode tr\u00e8s sombre de Boris VIAN, de 1951 \u00e0 1953. Il a \u00e9t\u00e9 publi\u00e9 &#8211; \u00e0 titre posthume &#8211; en 1962. Anne, qui \u00e9tait \u00e0 cette premi\u00e8re repr\u00e9sentation, pour Sorties \u00e0 Paris, me dit: \u00ab\u00a0Une merveilleuse interpr\u00e9tation des deux com\u00e9diens, lesquels avec [&hellip;]<\/p>\n","protected":false},"author":11,"featured_media":0,"comment_status":"closed","ping_status":"open","sticky":false,"template":"","format":"standard","meta":{"footnotes":""},"categories":[],"tags":[],"_links":{"self":[{"href":"https:\/\/www.yvelinesradio.com\/radio\/wp-json\/wp\/v2\/posts\/148"}],"collection":[{"href":"https:\/\/www.yvelinesradio.com\/radio\/wp-json\/wp\/v2\/posts"}],"about":[{"href":"https:\/\/www.yvelinesradio.com\/radio\/wp-json\/wp\/v2\/types\/post"}],"author":[{"embeddable":true,"href":"https:\/\/www.yvelinesradio.com\/radio\/wp-json\/wp\/v2\/users\/11"}],"replies":[{"embeddable":true,"href":"https:\/\/www.yvelinesradio.com\/radio\/wp-json\/wp\/v2\/comments?post=148"}],"version-history":[{"count":0,"href":"https:\/\/www.yvelinesradio.com\/radio\/wp-json\/wp\/v2\/posts\/148\/revisions"}],"wp:attachment":[{"href":"https:\/\/www.yvelinesradio.com\/radio\/wp-json\/wp\/v2\/media?parent=148"}],"wp:term":[{"taxonomy":"category","embeddable":true,"href":"https:\/\/www.yvelinesradio.com\/radio\/wp-json\/wp\/v2\/categories?post=148"},{"taxonomy":"post_tag","embeddable":true,"href":"https:\/\/www.yvelinesradio.com\/radio\/wp-json\/wp\/v2\/tags?post=148"}],"curies":[{"name":"wp","href":"https:\/\/api.w.org\/{rel}","templated":true}]}}