{"id":145,"date":"2024-03-26T00:00:00","date_gmt":"2024-03-26T00:00:00","guid":{"rendered":""},"modified":"2024-03-26T00:00:00","modified_gmt":"2024-03-26T00:00:00","slug":"20240527806804","status":"publish","type":"post","link":"https:\/\/www.yvelinesradio.com\/radio\/2024\/03\/26\/20240527806804\/","title":{"rendered":"\u00ab\u00a0DARIUS\u00a0\u00bb au LUCERNAIRE"},"content":{"rendered":"<figure class=\"wp-block-image size-full\"><img decoding=\"async\" src=\"https:\/\/www.yvelinesradio.com\/infos\/chroniques\/SORTIES_A_PARIS___DARIUS__au_LUCERNAIRE__6920621531.jpg\"alt=\"\" class=\"wp-image-32\" \/><\/figure><figure class=\"wp-block-audio\"><audio controls src=\"https:\/\/www.yvelinesradio.com\/infos\/chroniques\/SORTIES_A_PARIS___DARIUS__au_LUCERNAIRE__7339663003.mp3\"><\/audio><\/figure><p>Nous avions parl\u00e9 de ce spectacle, il y a deux ans, qui avait connu un grand succ\u00e8s \u00e0 L&rsquo;Essa\u00efon, et nous savons que beaucoup de spectateurs enchant\u00e9s, vont se faire un plaisir de le revoir et de le faire d\u00e9couvrir \u00e0 leurs amis.\r\n\r\nAnne R\u00e9vanne, pour Sorties \u00e0 Paris, disait:\r\n\r\n \r\n\r\nUn surprenant voyage olfactif au pays des parfums.\r\n\r\n \r\n\r\n\u00ab\u00a0Il est rare que l\u0092on sorte d\u0092un spectacle avec un seul mot \u00e0 la bouche, comme une \u00e9vidence : Chef d\u0092\u009cuvre !\r\n\r\nEt bien, c\u0092\u00e9tait le cas, ce soir avec ce \u00ab Darius \u00bb : une histoire bouleversante, par lettres \u00e9chang\u00e9es, entre une m\u00e8re, Claire qui, face \u00e0 son fils atteint d\u0092une maladie d\u00e9g\u00e9n\u00e9rative incurable, lui faisant perdre l\u0092usage de tous ses sens, sauf l\u0092odorat, et un grand Nez, Paul qui va essayer de retrouver et de faire revivre la trace m\u00e9morielle olfactive des lieux o\u00f9 v\u00e9cut et a \u00e9t\u00e9 heureux Darius, depuis sa plus tendre enfance. \r\n\r\nUn festival luxuriant de cr\u00e9ations de \u00ab\u00a0jus\u00a0\u00bb parfum\u00e9s tous plus enivrants et fastueux, \u00e0 travers des villes europ\u00e9ennes des plus magnifiques et odorantes\u0085 \r\n\r\n Une ode admirative \u00e0 l\u0092auteur Jean-Beno\u00eet Patricot qui a cisel\u00e9 un texte prodigieux, v\u00e9ritable dentelle \u00e9motionnelle, pas un bruit sauf le froissement discret de quelques mouchoirs, accessoires n\u00e9cessaires pour une intensit\u00e9 affective partag\u00e9e\u0085\u00a0\u00bb\r\n\r\n \r\n\r\nAuteur: Jean-Beno\u00eet PATRICOT, qui avait \u00e9t\u00e9 distingu\u00e9  pour \u00ab\u00a0Intimit\u00e9 Publique,\u00a0\u00bb il y a quelques ann\u00e9es \u00e0 La P\u00e9pini\u00e8re Th\u00e9\u00e2tre.\r\n\r\n Avec:\r\n\r\nCatherine AYMERIE et Fran\u00e7ois COGNARD\r\n\r\n \r\n\r\nSc\u00e9nographie: St\u00e9phanie LAURENT\r\n\r\nCr\u00e9ation Lumi\u00e8res: Kosta ASMANIS\r\n\r\nCr\u00e9ation Musicale: Laurent CLERGEAU\r\n\r\nMise en Sc\u00e8ne: Andr\u00e9 NERMAN\r\n\r\n \r\n\r\nDur\u00e9e: 1h15\r\n\r\n \r\n\r\nJusqu&rsquo;au 28 Avril 2024\r\n\r\nDu Mardi au Samedi \u00e0 21h00\r\n\r\nLes Dimanches \u00e0 17h30\r\n\r\n(Rel\u00e2ches les 7 et 11 Avril)\r\n\r\n \r\n\r\n\r\n \r\n\r\n \r\n\r\nTH\u00c9\u00c2TRE LE LUCERNAIRE\r\n\r\n01 45 44 57 34\r\n\r\n \r\n\r\nRobert BONNARDOT<\/p>","protected":false},"excerpt":{"rendered":"<p>Nous avions parl\u00e9 de ce spectacle, il y a deux ans, qui avait connu un grand succ\u00e8s \u00e0 L&rsquo;Essa\u00efon, et nous savons que beaucoup de spectateurs enchant\u00e9s, vont se faire un plaisir de le revoir et de le faire d\u00e9couvrir \u00e0 leurs amis. Anne R\u00e9vanne, pour Sorties \u00e0 Paris, disait: Un surprenant voyage olfactif au [&hellip;]<\/p>\n","protected":false},"author":11,"featured_media":0,"comment_status":"closed","ping_status":"open","sticky":false,"template":"","format":"standard","meta":{"footnotes":""},"categories":[],"tags":[],"_links":{"self":[{"href":"https:\/\/www.yvelinesradio.com\/radio\/wp-json\/wp\/v2\/posts\/145"}],"collection":[{"href":"https:\/\/www.yvelinesradio.com\/radio\/wp-json\/wp\/v2\/posts"}],"about":[{"href":"https:\/\/www.yvelinesradio.com\/radio\/wp-json\/wp\/v2\/types\/post"}],"author":[{"embeddable":true,"href":"https:\/\/www.yvelinesradio.com\/radio\/wp-json\/wp\/v2\/users\/11"}],"replies":[{"embeddable":true,"href":"https:\/\/www.yvelinesradio.com\/radio\/wp-json\/wp\/v2\/comments?post=145"}],"version-history":[{"count":0,"href":"https:\/\/www.yvelinesradio.com\/radio\/wp-json\/wp\/v2\/posts\/145\/revisions"}],"wp:attachment":[{"href":"https:\/\/www.yvelinesradio.com\/radio\/wp-json\/wp\/v2\/media?parent=145"}],"wp:term":[{"taxonomy":"category","embeddable":true,"href":"https:\/\/www.yvelinesradio.com\/radio\/wp-json\/wp\/v2\/categories?post=145"},{"taxonomy":"post_tag","embeddable":true,"href":"https:\/\/www.yvelinesradio.com\/radio\/wp-json\/wp\/v2\/tags?post=145"}],"curies":[{"name":"wp","href":"https:\/\/api.w.org\/{rel}","templated":true}]}}