{"id":143,"date":"2024-03-28T00:00:00","date_gmt":"2024-03-28T00:00:00","guid":{"rendered":""},"modified":"2024-03-28T00:00:00","modified_gmt":"2024-03-28T00:00:00","slug":"20240527433991","status":"publish","type":"post","link":"https:\/\/www.yvelinesradio.com\/radio\/2024\/03\/28\/20240527433991\/","title":{"rendered":"\u00ab\u00a0L&rsquo;HOMME FEMME\u00a0\u00bb de Laurent VIEL \u00e0 L&rsquo;Essa\u00efon"},"content":{"rendered":"<figure class=\"wp-block-image size-full\"><img decoding=\"async\" src=\"https:\/\/www.yvelinesradio.com\/infos\/chroniques\/SORTIES_A_PARIS___L_HOMME_FEMME__de_Laurent_VIEL___L_Essa__0725712315.jpg\"alt=\"\" class=\"wp-image-32\" \/><\/figure><figure class=\"wp-block-audio\"><audio controls src=\"https:\/\/www.yvelinesradio.com\/infos\/chroniques\/SORTIES_A_PARIS___L_HOMME_FEMME__de_Laurent_VIEL___L_Essa__8646185438.mp3\"><\/audio><\/figure><p>J&rsquo;ai d\u00e9couvert Laurent VIEL, en 2014, dans un spectacle que j&rsquo;ai vu trois fois: \u00ab\u00a0Rue de la Belle \u00c9cume\u00a0\u00bb.\r\n\r\nEt depuis, je l&rsquo;ai applaudi \u00e0 de maintes reprises, mais j&rsquo;ai laiss\u00e9 ma fid\u00e8le collaboratrice, Anne R\u00e9vanne, d\u00e9couvrir ce nouvel opus.\r\n\r\nLaurent VIEL: On a tous un enfant qui sommeille en nous. J&rsquo;ai invit\u00e9 le mien \u00e0 vous construire ce spectacle, issu de mon album \u00ab\u00a0L&rsquo;Homme Femme\u00a0\u00bb.\r\n\r\nEt Anne,  me dit:\r\n\r\n\u00ab\u00a0Comme toujours, j&rsquo;ai pass\u00e9 une bonne soir\u00e9e, avec ce merveilleux artiste, qui m\u00e9ritait notre standing ovation.\r\n\r\nC&rsquo;est rafra\u00eessant, je suis emball\u00e9e, c&rsquo;est magnifique, un chanteur qui est enchanteur&#8230;. Il nous a fait un duo avec son chor\u00e9graphe, le public a \u00e9t\u00e9 tr\u00e8s enthousiaste . Un Show, que je conseille vivement !\u00a0\u00bb\r\n\r\n \r\n\r\nTextes de:\r\n\r\nRomain DIDIER, Roland ROMANELLI et BARBARA, Philippe BESSON,Pascal MATHIEU, Bertrand SOULIER, Thierry GARCIA, Xavier LACOUTURE, Alain NITCHAEL, Michel HAHN, Marcel PROUST, Laurent VIEL.\r\n\r\n \r\n\r\nChor\u00e9graphies: Rapha\u00ebl KANEY DUVERGER\r\n\r\nLumi\u00e8res: Antoine LE GALLO\r\n\r\nMise en Sc\u00e8ne: Laurent VIEL &#038; Isabelle  AICHHORN\r\n\r\n \r\n\r\nJusqu&rsquo;au 28 Juin 2024\r\n\r\nLes Mercredis \u00e0 21h00\r\n\r\n(Rel\u00e2che le 12 Juin) \r\n\r\n \r\n\r\nDur\u00e9e: 1h35\r\n\r\n \r\n\r\n\r\n \r\n\r\nTH\u00c9\u00c2TRE DE L&rsquo;ESSA\u00cfON\r\n\r\nSalle Cabaret\r\n\r\n01 42 78 46 42\r\n\r\n \r\n\r\n \r\n\r\nRobert BONNARDOT\r\n\r\n<\/p>","protected":false},"excerpt":{"rendered":"<p>J&rsquo;ai d\u00e9couvert Laurent VIEL, en 2014, dans un spectacle que j&rsquo;ai vu trois fois: \u00ab\u00a0Rue de la Belle \u00c9cume\u00a0\u00bb. Et depuis, je l&rsquo;ai applaudi \u00e0 de maintes reprises, mais j&rsquo;ai laiss\u00e9 ma fid\u00e8le collaboratrice, Anne R\u00e9vanne, d\u00e9couvrir ce nouvel opus. Laurent VIEL: On a tous un enfant qui sommeille en nous. J&rsquo;ai invit\u00e9 le mien [&hellip;]<\/p>\n","protected":false},"author":11,"featured_media":0,"comment_status":"closed","ping_status":"open","sticky":false,"template":"","format":"standard","meta":{"footnotes":""},"categories":[],"tags":[],"_links":{"self":[{"href":"https:\/\/www.yvelinesradio.com\/radio\/wp-json\/wp\/v2\/posts\/143"}],"collection":[{"href":"https:\/\/www.yvelinesradio.com\/radio\/wp-json\/wp\/v2\/posts"}],"about":[{"href":"https:\/\/www.yvelinesradio.com\/radio\/wp-json\/wp\/v2\/types\/post"}],"author":[{"embeddable":true,"href":"https:\/\/www.yvelinesradio.com\/radio\/wp-json\/wp\/v2\/users\/11"}],"replies":[{"embeddable":true,"href":"https:\/\/www.yvelinesradio.com\/radio\/wp-json\/wp\/v2\/comments?post=143"}],"version-history":[{"count":0,"href":"https:\/\/www.yvelinesradio.com\/radio\/wp-json\/wp\/v2\/posts\/143\/revisions"}],"wp:attachment":[{"href":"https:\/\/www.yvelinesradio.com\/radio\/wp-json\/wp\/v2\/media?parent=143"}],"wp:term":[{"taxonomy":"category","embeddable":true,"href":"https:\/\/www.yvelinesradio.com\/radio\/wp-json\/wp\/v2\/categories?post=143"},{"taxonomy":"post_tag","embeddable":true,"href":"https:\/\/www.yvelinesradio.com\/radio\/wp-json\/wp\/v2\/tags?post=143"}],"curies":[{"name":"wp","href":"https:\/\/api.w.org\/{rel}","templated":true}]}}