{"id":138,"date":"2024-03-28T00:00:00","date_gmt":"2024-03-28T00:00:00","guid":{"rendered":""},"modified":"2024-03-28T00:00:00","modified_gmt":"2024-03-28T00:00:00","slug":"20240527526446","status":"publish","type":"post","link":"https:\/\/www.yvelinesradio.com\/radio\/2024\/03\/28\/20240527526446\/","title":{"rendered":"\u00ab\u00a0FANTASMES\u00a0\u00bb Th\u00e9\u00e2tre LA CROIS\u00c9E DES CHEMINS"},"content":{"rendered":"<figure class=\"wp-block-image size-full\"><img decoding=\"async\" src=\"https:\/\/www.yvelinesradio.com\/infos\/chroniques\/SORTIES_A_PARIS___FANTASMES__Th__tre_LA_CROIS_E_DES_CHEMI__8716981620.jpg\"alt=\"\" class=\"wp-image-32\" \/><\/figure><figure class=\"wp-block-audio\"><audio controls src=\"https:\/\/www.yvelinesradio.com\/infos\/chroniques\/SORTIES_A_PARIS___FANTASMES__Th__tre_LA_CROIS_E_DES_CHEMI__9578399143.mp3\"><\/audio><\/figure><p>\u00ab\u00a0Fantasmes\u00a0\u00bb, c&rsquo;est un spectacle original, qui vous propose de r\u00e9aliser ceux que vous allez sugg\u00e9rer, en faisant des propositions anonymes, que les com\u00e9diens vont adapter au mieux de leurs convenances.\r\n\r\nCe seront trois histoires, au cours de la soir\u00e9e.\r\n\r\n \r\n\r\nJ&rsquo;avais vu quelque chose de similaire, dans les ann\u00e9es 70, mais cela avait vite  tourn\u00e9 court&#8230;\r\n\r\nSouhaitons \u00e0 ces valeureux com\u00e9diens de faire mieux, et que l&rsquo;humour domine.\r\n\r\nAvec:\r\n\r\nRomuald SIX, Adeline BELLOC, Stella PUEYO, Flavien APPAVOU, Emma DEBROISE, \u00c9tienne de ROQUEFEUIL;\r\n\r\n \r\n\r\nMise en Sc\u00e8ne: Romuald SIX\r\n\r\n \r\n\r\nLes Vendredis et Samedis \u00e0 21h30\r\n\r\nJusqu&rsquo;au 4 Mai 2024\r\n\r\n(En raison des th\u00e8mes qui peuvent \u00eatre propos\u00e9s, les -16 ans, doivent rester \u00e0 la maison&#8230;)\r\n\r\n \r\n\r\nDur\u00e9e: 1h00\r\n\r\n \r\n\r\n\r\nTH\u00c9\u00c2TRE LA CROIS\u00c9E DES CHEMINS\r\n\r\nSalle Belleville\r\n\r\n01 42 19 93 63\r\n\r\n \r\n\r\nRobert BONNARDOT<\/p>","protected":false},"excerpt":{"rendered":"<p>\u00ab\u00a0Fantasmes\u00a0\u00bb, c&rsquo;est un spectacle original, qui vous propose de r\u00e9aliser ceux que vous allez sugg\u00e9rer, en faisant des propositions anonymes, que les com\u00e9diens vont adapter au mieux de leurs convenances. Ce seront trois histoires, au cours de la soir\u00e9e. J&rsquo;avais vu quelque chose de similaire, dans les ann\u00e9es 70, mais cela avait vite tourn\u00e9 court&#8230; [&hellip;]<\/p>\n","protected":false},"author":11,"featured_media":0,"comment_status":"closed","ping_status":"open","sticky":false,"template":"","format":"standard","meta":{"footnotes":""},"categories":[],"tags":[],"_links":{"self":[{"href":"https:\/\/www.yvelinesradio.com\/radio\/wp-json\/wp\/v2\/posts\/138"}],"collection":[{"href":"https:\/\/www.yvelinesradio.com\/radio\/wp-json\/wp\/v2\/posts"}],"about":[{"href":"https:\/\/www.yvelinesradio.com\/radio\/wp-json\/wp\/v2\/types\/post"}],"author":[{"embeddable":true,"href":"https:\/\/www.yvelinesradio.com\/radio\/wp-json\/wp\/v2\/users\/11"}],"replies":[{"embeddable":true,"href":"https:\/\/www.yvelinesradio.com\/radio\/wp-json\/wp\/v2\/comments?post=138"}],"version-history":[{"count":0,"href":"https:\/\/www.yvelinesradio.com\/radio\/wp-json\/wp\/v2\/posts\/138\/revisions"}],"wp:attachment":[{"href":"https:\/\/www.yvelinesradio.com\/radio\/wp-json\/wp\/v2\/media?parent=138"}],"wp:term":[{"taxonomy":"category","embeddable":true,"href":"https:\/\/www.yvelinesradio.com\/radio\/wp-json\/wp\/v2\/categories?post=138"},{"taxonomy":"post_tag","embeddable":true,"href":"https:\/\/www.yvelinesradio.com\/radio\/wp-json\/wp\/v2\/tags?post=138"}],"curies":[{"name":"wp","href":"https:\/\/api.w.org\/{rel}","templated":true}]}}