{"id":137,"date":"2024-03-30T00:00:00","date_gmt":"2024-03-30T00:00:00","guid":{"rendered":""},"modified":"2024-03-30T00:00:00","modified_gmt":"2024-03-30T00:00:00","slug":"20240527331927","status":"publish","type":"post","link":"https:\/\/www.yvelinesradio.com\/radio\/2024\/03\/30\/20240527331927\/","title":{"rendered":"\u00ab\u00a0LE PETIT CHAPERON ROUGE\u00a0\u00bb de Jo\u00ebl POMMERAT"},"content":{"rendered":"<figure class=\"wp-block-image size-full\"><img decoding=\"async\" src=\"https:\/\/www.yvelinesradio.com\/infos\/chroniques\/SORTIES_A_PARIS___LE_PETIT_CHAPERON_ROUGE__de_Jo_l_POMMER__7785901210.43.31.jpg\"alt=\"\" class=\"wp-image-32\" \/><\/figure><figure class=\"wp-block-audio\"><audio controls src=\"https:\/\/www.yvelinesradio.com\/infos\/chroniques\/SORTIES_A_PARIS___LE_PETIT_CHAPERON_ROUGE__de_Jo_l_POMMER__6481011548.mp3\"><\/audio><\/figure><p>Trois repr\u00e9sentations en avant-premi\u00e8re de ce \u00ab\u00a0PETIT CHAPERON ROUGE\u00a0\u00bb, que nous propose Jo\u00ebl POMMERAT.\r\n\r\nLes 13 &#8211; 20 &#8211; et 27 avril 2024 \u00e0 17h00\r\n\r\nau Studio H\u00e9bertot.\r\n\r\nAvec:\r\n\r\nNina BALLESTER &#038; Nina CRUVEILLER\r\n\r\n \r\n\r\nMise en Sc\u00e8ne: Nina BALLESTER\r\n\r\n \r\n\r\nCollaboration Artistique: Barth\u00e9lemy FORTIER\r\n\r\nMusiques: Edouard DEMANCHE\r\n\r\nLumi\u00e8res: Pierre PEYRONNET &#038; Nicolas DE CASTRO\r\n\r\nChor\u00e9graphie: L\u00e9a SOULEILLE\r\n\r\n \r\n\r\nCe spectacle sera pr\u00e9sent\u00e9 lors de l&rsquo;\u00e9dition 2024, au Festival Off, en Avignon, du 29 Juin au 21 Juillet, Th\u00e9\u00e2tre Pierre de Lune.\r\n\r\nEt, en D\u00e9cembre 2024 et Janvier 2025, chaque Samedi \u00e0 16h00, au l\u00e9gendaire Th\u00e9\u00e2tre de La Huchette.\r\n\r\n \r\n\r\n \r\n\r\nDur\u00e9e: 45 minutes.\r\n\r\n\r\n \r\n\r\nTH\u00c9\u00c2TRE LE  STUDIO H\u00c9BERTOT\r\n\r\n01 42 93 13 04\r\n\r\n \r\n\r\nRobert BONNARDOT<\/p>","protected":false},"excerpt":{"rendered":"<p>Trois repr\u00e9sentations en avant-premi\u00e8re de ce \u00ab\u00a0PETIT CHAPERON ROUGE\u00a0\u00bb, que nous propose Jo\u00ebl POMMERAT. Les 13 &#8211; 20 &#8211; et 27 avril 2024 \u00e0 17h00 au Studio H\u00e9bertot. Avec: Nina BALLESTER &#038; Nina CRUVEILLER Mise en Sc\u00e8ne: Nina BALLESTER Collaboration Artistique: Barth\u00e9lemy FORTIER Musiques: Edouard DEMANCHE Lumi\u00e8res: Pierre PEYRONNET &#038; Nicolas DE CASTRO Chor\u00e9graphie: L\u00e9a [&hellip;]<\/p>\n","protected":false},"author":11,"featured_media":0,"comment_status":"closed","ping_status":"open","sticky":false,"template":"","format":"standard","meta":{"footnotes":""},"categories":[],"tags":[],"_links":{"self":[{"href":"https:\/\/www.yvelinesradio.com\/radio\/wp-json\/wp\/v2\/posts\/137"}],"collection":[{"href":"https:\/\/www.yvelinesradio.com\/radio\/wp-json\/wp\/v2\/posts"}],"about":[{"href":"https:\/\/www.yvelinesradio.com\/radio\/wp-json\/wp\/v2\/types\/post"}],"author":[{"embeddable":true,"href":"https:\/\/www.yvelinesradio.com\/radio\/wp-json\/wp\/v2\/users\/11"}],"replies":[{"embeddable":true,"href":"https:\/\/www.yvelinesradio.com\/radio\/wp-json\/wp\/v2\/comments?post=137"}],"version-history":[{"count":0,"href":"https:\/\/www.yvelinesradio.com\/radio\/wp-json\/wp\/v2\/posts\/137\/revisions"}],"wp:attachment":[{"href":"https:\/\/www.yvelinesradio.com\/radio\/wp-json\/wp\/v2\/media?parent=137"}],"wp:term":[{"taxonomy":"category","embeddable":true,"href":"https:\/\/www.yvelinesradio.com\/radio\/wp-json\/wp\/v2\/categories?post=137"},{"taxonomy":"post_tag","embeddable":true,"href":"https:\/\/www.yvelinesradio.com\/radio\/wp-json\/wp\/v2\/tags?post=137"}],"curies":[{"name":"wp","href":"https:\/\/api.w.org\/{rel}","templated":true}]}}