{"id":128,"date":"2024-03-30T00:00:00","date_gmt":"2024-03-30T00:00:00","guid":{"rendered":""},"modified":"2024-03-30T00:00:00","modified_gmt":"2024-03-30T00:00:00","slug":"20240527241253","status":"publish","type":"post","link":"https:\/\/www.yvelinesradio.com\/radio\/2024\/03\/30\/20240527241253\/","title":{"rendered":"Saam, d'\u00a0\u00bbUber chanteur\u00a0\u00bb \u00e0 Proph\u00e8te\u00a0\u00bb !"},"content":{"rendered":"<figure class=\"wp-block-image size-full\"><img decoding=\"async\" src=\"https:\/\/www.yvelinesradio.com\/infos\/emissions\/KITSCH_ET_NET__Saam__d__Uber_chanteur____Proph_te_____9362696230.png\"alt=\"\" class=\"wp-image-32\" \/><\/figure><figure class=\"wp-block-audio\"><audio controls src=\"https:\/\/www.yvelinesradio.com\/infos\/emissions\/KITSCH_ET_NET__Saam__d__Uber_chanteur____Proph_te_____0126154574.mp3\"><\/audio><\/figure><p>D\u00e9couvrez ou red\u00e9couvrez la musique kitsch, r\u00e9tro, d\u00e9cal\u00e9e propos\u00e9e par notre \u00e9quipe d\u0092experts en kitschologie : Olivier, Agn\u00e8s, Lucie &#038; le Professeur Depuipeu.\r\n\r\nRejoignez-nous pour une heure de d\u00e9lires kitschs ! Nous montrerons \u00e0 vos oreilles que les miracles existent gr\u00e2ce au retour d\u0092un \u00ab proph\u00e8te \u00bb musical cette semaine dans notre \u00e9mission ! Trois ans apr\u00e8s son premier passage, sous couvre feu et avec distances sanitaires, Saam revient en effet parmi les siens (et surtout parmi nous) pour nous pr\u00e9senter son premier album, m\u00e9ticuleusement et savamment \u00e9labor\u00e9 durant toutes ces ann\u00e9es : \u00ab Le proph\u00e8te \u00bb. Allelu\u00efa\u0085\r\n\r\nL\u0092artiste \u00e0 la cravatte blanche imprim\u00e9e, a grav\u00e9 dans le marbre 8 titres, comme autant de t\u00e9moignages de notre \u00e9poque troubl\u00e9e dont il vaut mieux sourire, voire rire\u0085 Les conventions, les ind\u00e9cisions, les fausses certitudes, les douces illusions dissimulant nos vuln\u00e9rabilit\u00e9s : rien n\u0092\u00e9chappe au scalpel acoustique de l \u00bbUber chanteur \u00bb devenu \u00ab Proph\u00e8te \u00bb, qui ne vous facturera m\u00eame pas le live qu\u0092il vous offrira en fin d\u0092\u00e9mission !\r\n\r\nLa magie se poursuivra dans notre videoKITSCH avec Dragon ball Z (et Dragon Ball) !! L\u0092histoire d\u0092un jeune gar\u00e7on Son Goku dou\u00e9 pour les art martiaux. Cette s\u00e9rie anim\u00e9e sortie pour la premi\u00e8re fois en France le 2 mars 1988 est n\u00e9e gr\u00e2ce \u00e0 son auteur et cr\u00e9ateur du manga Akira Toriyama en 1989 !C\u0092est Doroth\u00e9e qui diffusera sur TF1 Dragon Ball. Le manga est encore inconnu et mal vu, jug\u00e9 de violent et de sans culture !\r\n\r\nL\u0092automne dernier, 2023, il y a eu le long m\u00e9trage sortie sur grand \u00e9cran. Et pour les 40 ans du manga, cet automne 2024, sortira une s\u00e9rie in\u00e9dite, baptis\u00e9e Dragon Ball Daima. La s\u00e9rie a \u00e9t\u00e9 \u00e9crite par Toriyama mais elle adopte un style \u00ab chibi \u00bb, qui consiste \u00e0 agrandir et accentuer les traits des personnages pour les rendre mignons. Surtout que, comme pour le th\u00e8me originel, c\u0092est Ariane, du club Doroth\u00e9e, qui s\u0092est charg\u00e9e d\u0092en chanter le g\u00e9n\u00e9rique !\r\n\r\nNous r\u00e9unissons toutes ces \u009cuvres musicales, oubli\u00e9es ou jamais connues, dans notre \u00ab kitschenette \u00bb, pour vous mitonner une cuisine sonore nouvelle et non calorique (ou si peu\u0085) aux parfums in\u00e9dits et savoureux !\r\n\r\nRetrouvez-nous lundi de 19h \u00e0 20h, mercredi de 9h \u00e0 10h, et vendredi de 21h \u00e0 22h, sur Yvelines Radio. Pour le meilleur et pour le rire\u0085\r\n\r\nEt pour poursuivre l&rsquo;aventure, rendez-vous aussi sur notre site:\r\n\r\nhttp:\/\/www.kitschetnet.fr<\/p>","protected":false},"excerpt":{"rendered":"<p>D\u00e9couvrez ou red\u00e9couvrez la musique kitsch, r\u00e9tro, d\u00e9cal\u00e9e propos\u00e9e par notre \u00e9quipe d\u0092experts en kitschologie : Olivier, Agn\u00e8s, Lucie &#038; le Professeur Depuipeu. Rejoignez-nous pour une heure de d\u00e9lires kitschs ! Nous montrerons \u00e0 vos oreilles que les miracles existent gr\u00e2ce au retour d\u0092un \u00ab proph\u00e8te \u00bb musical cette semaine dans notre \u00e9mission ! Trois [&hellip;]<\/p>\n","protected":false},"author":12,"featured_media":0,"comment_status":"closed","ping_status":"open","sticky":false,"template":"","format":"standard","meta":{"footnotes":""},"categories":[],"tags":[],"_links":{"self":[{"href":"https:\/\/www.yvelinesradio.com\/radio\/wp-json\/wp\/v2\/posts\/128"}],"collection":[{"href":"https:\/\/www.yvelinesradio.com\/radio\/wp-json\/wp\/v2\/posts"}],"about":[{"href":"https:\/\/www.yvelinesradio.com\/radio\/wp-json\/wp\/v2\/types\/post"}],"author":[{"embeddable":true,"href":"https:\/\/www.yvelinesradio.com\/radio\/wp-json\/wp\/v2\/users\/12"}],"replies":[{"embeddable":true,"href":"https:\/\/www.yvelinesradio.com\/radio\/wp-json\/wp\/v2\/comments?post=128"}],"version-history":[{"count":0,"href":"https:\/\/www.yvelinesradio.com\/radio\/wp-json\/wp\/v2\/posts\/128\/revisions"}],"wp:attachment":[{"href":"https:\/\/www.yvelinesradio.com\/radio\/wp-json\/wp\/v2\/media?parent=128"}],"wp:term":[{"taxonomy":"category","embeddable":true,"href":"https:\/\/www.yvelinesradio.com\/radio\/wp-json\/wp\/v2\/categories?post=128"},{"taxonomy":"post_tag","embeddable":true,"href":"https:\/\/www.yvelinesradio.com\/radio\/wp-json\/wp\/v2\/tags?post=128"}],"curies":[{"name":"wp","href":"https:\/\/api.w.org\/{rel}","templated":true}]}}