{"id":127,"date":"2024-03-31T00:00:00","date_gmt":"2024-03-31T00:00:00","guid":{"rendered":""},"modified":"2024-03-31T00:00:00","modified_gmt":"2024-03-31T00:00:00","slug":"20240527632530","status":"publish","type":"post","link":"https:\/\/www.yvelinesradio.com\/radio\/2024\/03\/31\/20240527632530\/","title":{"rendered":"\u00ab\u00a0VALKYRIE"},"content":{"rendered":"<figure class=\"wp-block-image size-full\"><img decoding=\"async\" src=\"https:\/\/www.yvelinesradio.com\/infos\/chroniques\/SORTIES_A_PARIS___VALKYRIE__7088267886.jpg\"alt=\"\" class=\"wp-image-32\" \/><\/figure><figure class=\"wp-block-audio\"><audio controls src=\"https:\/\/www.yvelinesradio.com\/infos\/chroniques\/SORTIES_A_PARIS___VALKYRIE__4871480635.mp3\"><\/audio><\/figure><p>\u00ab\u00a0Une avant-premi\u00e8re au Th\u00e9\u00e2tre 100 esc, de \u00ab\u00a0VALKYRIE\u00a0\u00bb, une pi\u00e8ce sur la naissance du matriarcat, \u00e9crite par:\r\n\r\nAva BAYA et Pierre PFAUWADEL\r\n\r\nAvec:\r\n\r\nSasoux DOSSO\r\n\r\nLaura FAC\u00c9LINA\r\n\r\nMelissa POLONI\r\n\r\nH\u00e9l\u00e8ne RIMENAID\r\n\r\n \r\n\r\nLumi\u00e8res:   Christophe GRELI\u00c9\r\n\r\nCostumes:   Clara           GRELI\u00c9\r\n\r\n \r\n\r\n \r\n\r\nMise en Sc\u00e8ne: Pierre PFAUWADEL\r\n\r\n \r\n\r\nJEUDI 18 AVRIL \u00e0 19h00\r\n\r\n \r\n\r\nCe spectacle sera pr\u00e9sent lors du Festival Off 2024, en Avignon, au Th\u00e9\u00e2tre LE TRANSVERSAL\r\n\r\nDu 29 Juin au 21 Juillet \u00e0 15h00\r\n\r\n(Sauf les Mardis)\r\n\r\n\r\n \r\n\r\nDur\u00e9e 1h15\r\n\r\n \r\n\r\n\r\nTH\u00c9\u00c2TRE 100 ESC\r\n\r\n01 46 28 80 94\r\n\r\n \r\n\r\nRobert BONNARDOT<\/p>","protected":false},"excerpt":{"rendered":"<p>\u00ab\u00a0Une avant-premi\u00e8re au Th\u00e9\u00e2tre 100 esc, de \u00ab\u00a0VALKYRIE\u00a0\u00bb, une pi\u00e8ce sur la naissance du matriarcat, \u00e9crite par: Ava BAYA et Pierre PFAUWADEL Avec: Sasoux DOSSO Laura FAC\u00c9LINA Melissa POLONI H\u00e9l\u00e8ne RIMENAID Lumi\u00e8res: Christophe GRELI\u00c9 Costumes: Clara GRELI\u00c9 Mise en Sc\u00e8ne: Pierre PFAUWADEL JEUDI 18 AVRIL \u00e0 19h00 Ce spectacle sera pr\u00e9sent lors du Festival Off [&hellip;]<\/p>\n","protected":false},"author":11,"featured_media":0,"comment_status":"closed","ping_status":"open","sticky":false,"template":"","format":"standard","meta":{"footnotes":""},"categories":[],"tags":[],"_links":{"self":[{"href":"https:\/\/www.yvelinesradio.com\/radio\/wp-json\/wp\/v2\/posts\/127"}],"collection":[{"href":"https:\/\/www.yvelinesradio.com\/radio\/wp-json\/wp\/v2\/posts"}],"about":[{"href":"https:\/\/www.yvelinesradio.com\/radio\/wp-json\/wp\/v2\/types\/post"}],"author":[{"embeddable":true,"href":"https:\/\/www.yvelinesradio.com\/radio\/wp-json\/wp\/v2\/users\/11"}],"replies":[{"embeddable":true,"href":"https:\/\/www.yvelinesradio.com\/radio\/wp-json\/wp\/v2\/comments?post=127"}],"version-history":[{"count":0,"href":"https:\/\/www.yvelinesradio.com\/radio\/wp-json\/wp\/v2\/posts\/127\/revisions"}],"wp:attachment":[{"href":"https:\/\/www.yvelinesradio.com\/radio\/wp-json\/wp\/v2\/media?parent=127"}],"wp:term":[{"taxonomy":"category","embeddable":true,"href":"https:\/\/www.yvelinesradio.com\/radio\/wp-json\/wp\/v2\/categories?post=127"},{"taxonomy":"post_tag","embeddable":true,"href":"https:\/\/www.yvelinesradio.com\/radio\/wp-json\/wp\/v2\/tags?post=127"}],"curies":[{"name":"wp","href":"https:\/\/api.w.org\/{rel}","templated":true}]}}