{"id":121,"date":"2024-04-01T00:00:00","date_gmt":"2024-04-01T00:00:00","guid":{"rendered":""},"modified":"2024-04-01T00:00:00","modified_gmt":"2024-04-01T00:00:00","slug":"20240527720780","status":"publish","type":"post","link":"https:\/\/www.yvelinesradio.com\/radio\/2024\/04\/01\/20240527720780\/","title":{"rendered":"\u00ab\u00a0C\u008cUR \u00e0 C\u008cUR\u00a0\u00bb au Th\u00e9\u00e2tre du GOUVERNAIL"},"content":{"rendered":"<figure class=\"wp-block-image size-full\"><img decoding=\"async\" src=\"https:\/\/www.yvelinesradio.com\/infos\/chroniques\/SORTIES_A_PARIS___C_UR___C_UR__au_Th__tre_du_GOUVERNAIL__2157971103.jpg\"alt=\"\" class=\"wp-image-32\" \/><\/figure><figure class=\"wp-block-audio\"><audio controls src=\"https:\/\/www.yvelinesradio.com\/infos\/chroniques\/SORTIES_A_PARIS___C_UR___C_UR__au_Th__tre_du_GOUVERNAIL__0181853354.mp3\"><\/audio><\/figure><p>Un Seul-en-Sc\u00e8ne de -et avec:\r\n\r\nWilliam RAGEAU\r\n\r\n \r\n\r\nEt que diraient vos organes, s&rsquo;ils pouvaient parler? Voil\u00e0 le pari de cet artiste imaginatif, nous faire entendre le dialogue de ce qui nous habite&#8230; Que va dire le foie, \u00e0 l&rsquo;estomac?\r\n\r\nEt l&rsquo;estomac au colon?\r\n\r\nVous en aurez une id\u00e9e, en allant d\u00e9couvrir son spectacle, au Th\u00e9\u00e2tre du Gouvernail.\r\n\r\nCollaboration Artistique: Nicolas LAURENT\r\n\r\nEt la voix de Christian HECQ, de la Com\u00e9die Fran\u00e7aise.\r\n\r\n \r\n\r\nLumi\u00e8res: Damien DUFOUR\r\n\r\nSons: Thomas GUYTARD\r\n\r\nMusiques: Ga\u00ebtan ROMA\r\n\r\nChor\u00e9graphies: Nacera ZA\u00cfDI\r\n\r\n \r\n\r\nDu 13 au 27 Avril 2024\r\n\r\nLes Samedis \u00e0 17h00\r\n\r\n \r\n\r\nDur\u00e9e: 1h10\r\n\r\n \r\n\r\n \r\n\r\n&quot;C\u008cUR \u00e0 C\u008cUR&quot; au Th\u00e9\u00e2tre du Gouvernail&quot;C\u008cUR \u00e0 C\u008cUR&quot; au Th\u00e9\u00e2tre du Gouvernail\r\nTH\u00c9\u00c2TRE DU GOUVERNAIL\r\n\r\n01 48 03 49 92\r\n\r\n \r\n\r\nRobert BONNARDOT<\/p>","protected":false},"excerpt":{"rendered":"<p>Un Seul-en-Sc\u00e8ne de -et avec: William RAGEAU Et que diraient vos organes, s&rsquo;ils pouvaient parler? Voil\u00e0 le pari de cet artiste imaginatif, nous faire entendre le dialogue de ce qui nous habite&#8230; Que va dire le foie, \u00e0 l&rsquo;estomac? Et l&rsquo;estomac au colon? Vous en aurez une id\u00e9e, en allant d\u00e9couvrir son spectacle, au Th\u00e9\u00e2tre [&hellip;]<\/p>\n","protected":false},"author":11,"featured_media":0,"comment_status":"closed","ping_status":"open","sticky":false,"template":"","format":"standard","meta":{"footnotes":""},"categories":[],"tags":[],"_links":{"self":[{"href":"https:\/\/www.yvelinesradio.com\/radio\/wp-json\/wp\/v2\/posts\/121"}],"collection":[{"href":"https:\/\/www.yvelinesradio.com\/radio\/wp-json\/wp\/v2\/posts"}],"about":[{"href":"https:\/\/www.yvelinesradio.com\/radio\/wp-json\/wp\/v2\/types\/post"}],"author":[{"embeddable":true,"href":"https:\/\/www.yvelinesradio.com\/radio\/wp-json\/wp\/v2\/users\/11"}],"replies":[{"embeddable":true,"href":"https:\/\/www.yvelinesradio.com\/radio\/wp-json\/wp\/v2\/comments?post=121"}],"version-history":[{"count":0,"href":"https:\/\/www.yvelinesradio.com\/radio\/wp-json\/wp\/v2\/posts\/121\/revisions"}],"wp:attachment":[{"href":"https:\/\/www.yvelinesradio.com\/radio\/wp-json\/wp\/v2\/media?parent=121"}],"wp:term":[{"taxonomy":"category","embeddable":true,"href":"https:\/\/www.yvelinesradio.com\/radio\/wp-json\/wp\/v2\/categories?post=121"},{"taxonomy":"post_tag","embeddable":true,"href":"https:\/\/www.yvelinesradio.com\/radio\/wp-json\/wp\/v2\/tags?post=121"}],"curies":[{"name":"wp","href":"https:\/\/api.w.org\/{rel}","templated":true}]}}