{"id":1203,"date":"2024-09-29T00:00:00","date_gmt":"2024-09-29T00:00:00","guid":{"rendered":""},"modified":"2024-09-29T00:00:00","modified_gmt":"2024-09-29T00:00:00","slug":"20241001666936","status":"publish","type":"post","link":"https:\/\/www.yvelinesradio.com\/radio\/2024\/09\/29\/20241001666936\/","title":{"rendered":"\u00ab\u00a0A\u00cfE\u00a0\u00bb au Th\u00e9\u00e2tre du Petit-Montparnasse"},"content":{"rendered":"<figure class=\"wp-block-image size-full\"><img decoding=\"async\" src=\"https:\/\/www.yvelinesradio.com\/infos\/chroniques\/SORTIES_A_PARIS___A_E__au_Th__tre_du_Petit_Montparnasse__8687074443.jpg\"alt=\"\" class=\"wp-image-32\" \/><\/figure><figure class=\"wp-block-audio\"><audio controls src=\"https:\/\/www.yvelinesradio.com\/infos\/chroniques\/SORTIES_A_PARIS___A_E__au_Th__tre_du_Petit_Montparnasse__3874876240.mp3\"><\/audio><\/figure><p>Une com\u00e9die sentimentale et familiale.\r\n\r\n\u00ab\u00a0A\u00efe\u00a0\u00bb, c&rsquo;est un code, pour qu&rsquo;une discussion qui pourrait s&rsquo;envenimer, s&rsquo;arr\u00eate aussit\u00f4t.\r\n\r\nLes com\u00e9diens sont si cr\u00e9dibles dans leurs r\u00f4les respectifs, que l&rsquo;on a l&rsquo;impression d&rsquo;\u00eatre un ami de la famille, au milieu de sc\u00e8nes de la vie intime,  et on se sent un peu g\u00ean\u00e9&#8230;\r\n\r\nQuatre artistes, et l&rsquo;un d&rsquo;eux Gilles Dyrek, fait vivre,  avec talent, une multitude de personnages, qui interviennent dans la vie des trois autres.\r\n\r\nC&rsquo;est plein de tendresse et d&rsquo;amour.\r\n\r\n \r\n\r\nAvec:\r\n\r\nIsabelle de BOTTON (dont j&rsquo;avais ador\u00e9 l&rsquo;ann\u00e9e derni\u00e8re \u00ab\u00a0UL\u00a0\u00bb au Studio H\u00e9bertot)\r\n\r\nAntoine de FOUCAULD  ( Celui qui nous entra\u00eene dans cette saga familiale).\r\n\r\nKatia MIRAN ( Un charme s\u00e9duisant)\r\n\r\nGilles DYREK (Le Couteau Suisse de la distribution).\r\n\r\n \r\n\r\nDeux d\u00e9cors, qui sont l&rsquo;oeuvre de: Catherine BLUWAL\r\n\r\nDes Aquarelles de: Anne-Isabelle SIGROS\r\n\r\nCostumes: Aur\u00e9lie THOMAS\r\n\r\nLumi\u00e8res: Olivier OUDIOU (Elles sont importantes, dans ce spectacle).\r\n\r\nSon: Herv\u00e9 HAINE.\r\n\r\nUn texte bien cisel\u00e9 de: Attica GUEDJ\r\n\r\nElle signe  La Mise en Sc\u00e8ne, assist\u00e9e de:  Camille DELPECH\r\n\r\n \r\n\r\nDu Mardi au Samedi \u00e0 19h00\r\n\r\nLes Dimanches \u00e0 15h00\r\n\r\n \r\n\r\nDur\u00e9e: 1h20\r\n\r\n\r\nPhoto: Fabienne RAPPENEAU\r\n\r\n \r\n\r\nTH\u00c9\u00c2TRE DU PETIT MONTPARNASSE\r\n\r\n01 43 22 77 74\r\n\r\n \r\n\r\nRobert BONNARDOT<\/p>","protected":false},"excerpt":{"rendered":"<p>Une com\u00e9die sentimentale et familiale. \u00ab\u00a0A\u00efe\u00a0\u00bb, c&rsquo;est un code, pour qu&rsquo;une discussion qui pourrait s&rsquo;envenimer, s&rsquo;arr\u00eate aussit\u00f4t. Les com\u00e9diens sont si cr\u00e9dibles dans leurs r\u00f4les respectifs, que l&rsquo;on a l&rsquo;impression d&rsquo;\u00eatre un ami de la famille, au milieu de sc\u00e8nes de la vie intime, et on se sent un peu g\u00ean\u00e9&#8230; Quatre artistes, et l&rsquo;un [&hellip;]<\/p>\n","protected":false},"author":11,"featured_media":0,"comment_status":"closed","ping_status":"open","sticky":false,"template":"","format":"standard","meta":{"footnotes":""},"categories":[],"tags":[],"_links":{"self":[{"href":"https:\/\/www.yvelinesradio.com\/radio\/wp-json\/wp\/v2\/posts\/1203"}],"collection":[{"href":"https:\/\/www.yvelinesradio.com\/radio\/wp-json\/wp\/v2\/posts"}],"about":[{"href":"https:\/\/www.yvelinesradio.com\/radio\/wp-json\/wp\/v2\/types\/post"}],"author":[{"embeddable":true,"href":"https:\/\/www.yvelinesradio.com\/radio\/wp-json\/wp\/v2\/users\/11"}],"replies":[{"embeddable":true,"href":"https:\/\/www.yvelinesradio.com\/radio\/wp-json\/wp\/v2\/comments?post=1203"}],"version-history":[{"count":0,"href":"https:\/\/www.yvelinesradio.com\/radio\/wp-json\/wp\/v2\/posts\/1203\/revisions"}],"wp:attachment":[{"href":"https:\/\/www.yvelinesradio.com\/radio\/wp-json\/wp\/v2\/media?parent=1203"}],"wp:term":[{"taxonomy":"category","embeddable":true,"href":"https:\/\/www.yvelinesradio.com\/radio\/wp-json\/wp\/v2\/categories?post=1203"},{"taxonomy":"post_tag","embeddable":true,"href":"https:\/\/www.yvelinesradio.com\/radio\/wp-json\/wp\/v2\/tags?post=1203"}],"curies":[{"name":"wp","href":"https:\/\/api.w.org\/{rel}","templated":true}]}}