{"id":12,"date":"2024-05-25T00:00:00","date_gmt":"2024-05-25T00:00:00","guid":{"rendered":""},"modified":"2024-05-25T00:00:00","modified_gmt":"2024-05-25T00:00:00","slug":"2024052720193","status":"publish","type":"post","link":"https:\/\/www.yvelinesradio.com\/radio\/2024\/05\/25\/2024052720193\/","title":{"rendered":"\u00ab\u00a0Aimons nous&#8230; LOIN&#8230; des autres\u00a0\u00bb de &#8211; et avec &#8211; Denis CHERER"},"content":{"rendered":"<figure class=\"wp-block-image size-full\"><img decoding=\"async\" src=\"https:\/\/www.yvelinesradio.com\/infos\/chroniques\/SORTIES_A_PARIS___Aimons_nous____LOIN____des_autres__de____1119694084.jpg\"alt=\"\" class=\"wp-image-32\" \/><\/figure><figure class=\"wp-block-audio\"><audio controls src=\"https:\/\/www.yvelinesradio.com\/infos\/chroniques\/SORTIES_A_PARIS___Aimons_nous____LOIN____des_autres__de____3796850503.mp3\"><\/audio><\/figure><p>Denis CHERER, un com\u00e9dien que j&rsquo;aime beaucoup, et je suis marri, de ne pas pouvoir aller l&rsquo;applaudir ce 1er Juin prochain.\r\n\r\nHeureusement, Anne R\u00e9vanne, ma collaboratrice y sera et pourra nous faire part de son sentiment.\r\n\r\nDenis, j&rsquo;avais ador\u00e9 sa Mise en Sc\u00e8ne de \u00ab\u00a0Nobody is Perfect\u00a0\u00bb en 2019, dans une salle, qui s&rsquo;appelait alors:\u00a0\u00bbTh\u00e9\u00e2tre de La Sc\u00e8ne Parisienne\u00a0\u00bb.\r\n\r\nEt je n&rsquo;oublie pas sa pi\u00e8ce \u00ab\u00a0Les N\u009cuds au Mouchoir\u00a0\u00bb, qu&rsquo;il jouait avec son fr\u00e8re et qui a \u00e9t\u00e9 la derni\u00e8re apparition sur sc\u00e8ne de An\u00e9mone, qui en \u00e9tait la vedette. C&rsquo;\u00e9tait en 2017, au Palais des Glaces.\r\n\r\nNous vous en dirons, beaucoup plus, tr\u00e8s vite !\r\n\r\n \r\n\r\nC&rsquo;est une avant-premi\u00e8re, et une soir\u00e9e qui va faire date&#8230;\r\n\r\n \r\n\r\nSamedi 1er Juin 2024 \u00e0 21h00\r\n\r\n \r\n\r\n\r\n \r\n\r\nTH\u00c9\u00c2TRE DE L&rsquo;\u00ceLE-SAINT-LOUIS\r\n\r\n01 46 33 48 65\r\n\r\n \r\n\r\nRobert BONNARDOT<\/p>","protected":false},"excerpt":{"rendered":"<p>Denis CHERER, un com\u00e9dien que j&rsquo;aime beaucoup, et je suis marri, de ne pas pouvoir aller l&rsquo;applaudir ce 1er Juin prochain. Heureusement, Anne R\u00e9vanne, ma collaboratrice y sera et pourra nous faire part de son sentiment. Denis, j&rsquo;avais ador\u00e9 sa Mise en Sc\u00e8ne de \u00ab\u00a0Nobody is Perfect\u00a0\u00bb en 2019, dans une salle, qui s&rsquo;appelait alors:\u00a0\u00bbTh\u00e9\u00e2tre [&hellip;]<\/p>\n","protected":false},"author":11,"featured_media":0,"comment_status":"closed","ping_status":"open","sticky":false,"template":"","format":"standard","meta":{"footnotes":""},"categories":[],"tags":[],"_links":{"self":[{"href":"https:\/\/www.yvelinesradio.com\/radio\/wp-json\/wp\/v2\/posts\/12"}],"collection":[{"href":"https:\/\/www.yvelinesradio.com\/radio\/wp-json\/wp\/v2\/posts"}],"about":[{"href":"https:\/\/www.yvelinesradio.com\/radio\/wp-json\/wp\/v2\/types\/post"}],"author":[{"embeddable":true,"href":"https:\/\/www.yvelinesradio.com\/radio\/wp-json\/wp\/v2\/users\/11"}],"replies":[{"embeddable":true,"href":"https:\/\/www.yvelinesradio.com\/radio\/wp-json\/wp\/v2\/comments?post=12"}],"version-history":[{"count":0,"href":"https:\/\/www.yvelinesradio.com\/radio\/wp-json\/wp\/v2\/posts\/12\/revisions"}],"wp:attachment":[{"href":"https:\/\/www.yvelinesradio.com\/radio\/wp-json\/wp\/v2\/media?parent=12"}],"wp:term":[{"taxonomy":"category","embeddable":true,"href":"https:\/\/www.yvelinesradio.com\/radio\/wp-json\/wp\/v2\/categories?post=12"},{"taxonomy":"post_tag","embeddable":true,"href":"https:\/\/www.yvelinesradio.com\/radio\/wp-json\/wp\/v2\/tags?post=12"}],"curies":[{"name":"wp","href":"https:\/\/api.w.org\/{rel}","templated":true}]}}