{"id":1197,"date":"2024-09-28T00:00:00","date_gmt":"2024-09-28T00:00:00","guid":{"rendered":""},"modified":"2024-09-28T00:00:00","modified_gmt":"2024-09-28T00:00:00","slug":"20240930260781","status":"publish","type":"post","link":"https:\/\/www.yvelinesradio.com\/radio\/2024\/09\/28\/20240930260781\/","title":{"rendered":"\u00ab\u00a0UNE SOIR\u00c9E CHEZ OFFENBACH\u00a0\u00bb au Th\u00e9\u00e2tre de Passy"},"content":{"rendered":"<figure class=\"wp-block-image size-full\"><img decoding=\"async\" src=\"https:\/\/www.yvelinesradio.com\/infos\/chroniques\/SORTIES_A_PARIS___UNE_SOIR_E_CHEZ_OFFENBACH__au_Th__tre_d__6040203317.jpg\"alt=\"\" class=\"wp-image-32\" \/><\/figure><figure class=\"wp-block-audio\"><audio controls src=\"https:\/\/www.yvelinesradio.com\/infos\/chroniques\/SORTIES_A_PARIS___UNE_SOIR_E_CHEZ_OFFENBACH__au_Th__tre_d__1496707537.mp3\"><\/audio><\/figure><p>\u00ab\u00a0Une soir\u00e9e chez Offenbach\u00a0\u00bb, une affiche qui a aussit\u00f4t d\u00e9cid\u00e9  Anne, ma collaboratrice, \u00e0 me demander de prendre date pour elle.\r\n\r\n\u00ab\u00a0Ce spectacle est une vraie sucrerie. Des artistes prodigieux, avec des voix exceptionnelles.\r\n\r\nCe soir:\r\n\r\nChristine TOCCI\r\n\r\nNicolas R\u00c9GAS\r\n\r\nChristophe PONCET de SOLAGES\r\n\r\nau Piano: F\u00e9lix RAMOS\r\n\r\nToute la salle qui \u00e9tait pleine , chantait \u00e0 l&rsquo;unisson, un vrai moment de bonheur, et un grand bravo \u00e0 l&rsquo;auteur de cette belle soir\u00e9e: Martin LOIZILLON, qui signe une Mise en Sc\u00e8ne \u00e9blouissante, une vraie bulle de champagne.\u00a0\u00bb\r\n\r\nLes Artistes en alternance:\r\n\r\nCl\u00e9mentine DECOUTURE\r\n\r\nPierre-Antoine CHAUMIEN\r\n\r\nGuillaume ZHANG\r\n\r\nXavier FLABAT\r\n\r\nEt au piano: Ruta LENCIAUSKAITE\r\n\r\n \r\n\r\nMusique: Jacques OFFENBACH\r\n\r\n \r\n\r\nOn comprend ais\u00e9ment que cette affiche fasse des prolongations, eu \u00e9gard \u00e0 la qualit\u00e9 de la repr\u00e9sentation.\r\n\r\n \r\n\r\nDur\u00e9e: 1h15\r\n\r\n \r\n\r\nLes Lundis \u00e0 19h00\r\n\r\nLes Samedis \u00e0 17h00\r\n\r\n \r\n\r\n\r\n \r\n\r\nTH\u00c9\u00c2TRE DE PASSY\r\n\r\n01 82 28 56 40\r\n\r\n \r\n\r\nRobert BONNARDOT<\/p>","protected":false},"excerpt":{"rendered":"<p>\u00ab\u00a0Une soir\u00e9e chez Offenbach\u00a0\u00bb, une affiche qui a aussit\u00f4t d\u00e9cid\u00e9 Anne, ma collaboratrice, \u00e0 me demander de prendre date pour elle. \u00ab\u00a0Ce spectacle est une vraie sucrerie. Des artistes prodigieux, avec des voix exceptionnelles. Ce soir: Christine TOCCI Nicolas R\u00c9GAS Christophe PONCET de SOLAGES au Piano: F\u00e9lix RAMOS Toute la salle qui \u00e9tait pleine , [&hellip;]<\/p>\n","protected":false},"author":11,"featured_media":0,"comment_status":"closed","ping_status":"open","sticky":false,"template":"","format":"standard","meta":{"footnotes":""},"categories":[],"tags":[],"_links":{"self":[{"href":"https:\/\/www.yvelinesradio.com\/radio\/wp-json\/wp\/v2\/posts\/1197"}],"collection":[{"href":"https:\/\/www.yvelinesradio.com\/radio\/wp-json\/wp\/v2\/posts"}],"about":[{"href":"https:\/\/www.yvelinesradio.com\/radio\/wp-json\/wp\/v2\/types\/post"}],"author":[{"embeddable":true,"href":"https:\/\/www.yvelinesradio.com\/radio\/wp-json\/wp\/v2\/users\/11"}],"replies":[{"embeddable":true,"href":"https:\/\/www.yvelinesradio.com\/radio\/wp-json\/wp\/v2\/comments?post=1197"}],"version-history":[{"count":0,"href":"https:\/\/www.yvelinesradio.com\/radio\/wp-json\/wp\/v2\/posts\/1197\/revisions"}],"wp:attachment":[{"href":"https:\/\/www.yvelinesradio.com\/radio\/wp-json\/wp\/v2\/media?parent=1197"}],"wp:term":[{"taxonomy":"category","embeddable":true,"href":"https:\/\/www.yvelinesradio.com\/radio\/wp-json\/wp\/v2\/categories?post=1197"},{"taxonomy":"post_tag","embeddable":true,"href":"https:\/\/www.yvelinesradio.com\/radio\/wp-json\/wp\/v2\/tags?post=1197"}],"curies":[{"name":"wp","href":"https:\/\/api.w.org\/{rel}","templated":true}]}}