{"id":1188,"date":"2024-09-24T00:00:00","date_gmt":"2024-09-24T00:00:00","guid":{"rendered":""},"modified":"2024-09-24T00:00:00","modified_gmt":"2024-09-24T00:00:00","slug":"20240925580712","status":"publish","type":"post","link":"https:\/\/www.yvelinesradio.com\/radio\/2024\/09\/24\/20240925580712\/","title":{"rendered":"Rencontre avec la musique"},"content":{"rendered":"<figure class=\"wp-block-image size-full\"><img decoding=\"async\" src=\"https:\/\/www.yvelinesradio.com\/infos\/emissions\/PIERRE_MINVIELLE_SEBASTIA__Rencontre_avec_la_musique__2487518297.png\"alt=\"\" class=\"wp-image-32\" \/><\/figure><figure class=\"wp-block-audio\"><audio controls src=\"https:\/\/www.yvelinesradio.com\/infos\/emissions\/PIERRE_MINVIELLE_SEBASTIA__Rencontre_avec_la_musique__6026494574.mp3\"><\/audio><\/figure><p>Encore un marin! Albert Roussel est un compositeur fran\u00e7ais, n\u00e9 \u00e0 Tourcoing le 5 avril 1869 et mort \u00e0 Royan le 23 ao\u00fbt 1937. On le d\u00e9couvre\u0085\r\n<\/p>","protected":false},"excerpt":{"rendered":"<p>Encore un marin! Albert Roussel est un compositeur fran\u00e7ais, n\u00e9 \u00e0 Tourcoing le 5 avril 1869 et mort \u00e0 Royan le 23 ao\u00fbt 1937. On le d\u00e9couvre\u0085<\/p>\n","protected":false},"author":16,"featured_media":0,"comment_status":"closed","ping_status":"open","sticky":false,"template":"","format":"standard","meta":{"footnotes":""},"categories":[],"tags":[],"_links":{"self":[{"href":"https:\/\/www.yvelinesradio.com\/radio\/wp-json\/wp\/v2\/posts\/1188"}],"collection":[{"href":"https:\/\/www.yvelinesradio.com\/radio\/wp-json\/wp\/v2\/posts"}],"about":[{"href":"https:\/\/www.yvelinesradio.com\/radio\/wp-json\/wp\/v2\/types\/post"}],"author":[{"embeddable":true,"href":"https:\/\/www.yvelinesradio.com\/radio\/wp-json\/wp\/v2\/users\/16"}],"replies":[{"embeddable":true,"href":"https:\/\/www.yvelinesradio.com\/radio\/wp-json\/wp\/v2\/comments?post=1188"}],"version-history":[{"count":0,"href":"https:\/\/www.yvelinesradio.com\/radio\/wp-json\/wp\/v2\/posts\/1188\/revisions"}],"wp:attachment":[{"href":"https:\/\/www.yvelinesradio.com\/radio\/wp-json\/wp\/v2\/media?parent=1188"}],"wp:term":[{"taxonomy":"category","embeddable":true,"href":"https:\/\/www.yvelinesradio.com\/radio\/wp-json\/wp\/v2\/categories?post=1188"},{"taxonomy":"post_tag","embeddable":true,"href":"https:\/\/www.yvelinesradio.com\/radio\/wp-json\/wp\/v2\/tags?post=1188"}],"curies":[{"name":"wp","href":"https:\/\/api.w.org\/{rel}","templated":true}]}}