{"id":106,"date":"2024-03-25T00:00:00","date_gmt":"2024-03-25T00:00:00","guid":{"rendered":""},"modified":"2024-03-25T00:00:00","modified_gmt":"2024-03-25T00:00:00","slug":"20240527128604","status":"publish","type":"post","link":"https:\/\/www.yvelinesradio.com\/radio\/2024\/03\/25\/20240527128604\/","title":{"rendered":"Au pays des chansons"},"content":{"rendered":"<figure class=\"wp-block-image size-full\"><img decoding=\"async\" src=\"https:\/\/www.yvelinesradio.com\/infos\/emissions\/PIERRE_MINVIELLE_SEBASTIA__Au_pays_des_chansons__7292637368.jpg\"alt=\"\" class=\"wp-image-32\" \/><\/figure><figure class=\"wp-block-audio\"><audio controls src=\"https:\/\/www.yvelinesradio.com\/infos\/emissions\/PIERRE_MINVIELLE_SEBASTIA__Au_pays_des_chansons__9504213643.mp3\"><\/audio><\/figure><p>Consid\u00e9r\u00e9 comme l&rsquo;un des plus grands auteurs, compositeurs et interpr\u00e8tes fran\u00e7ais depuis les ann\u00e9es 1970, William Sheller b\u00e9n\u00e9ficie d&rsquo;une formation approfondie en musique classique. Tout en composant de nombreuses \u009cuvres classiques, c&rsquo;est dans le domaine de la vari\u00e9t\u00e9 qu&rsquo;il perce.<\/p>","protected":false},"excerpt":{"rendered":"<p>Consid\u00e9r\u00e9 comme l&rsquo;un des plus grands auteurs, compositeurs et interpr\u00e8tes fran\u00e7ais depuis les ann\u00e9es 1970, William Sheller b\u00e9n\u00e9ficie d&rsquo;une formation approfondie en musique classique. Tout en composant de nombreuses \u009cuvres classiques, c&rsquo;est dans le domaine de la vari\u00e9t\u00e9 qu&rsquo;il perce.<\/p>\n","protected":false},"author":16,"featured_media":0,"comment_status":"closed","ping_status":"open","sticky":false,"template":"","format":"standard","meta":{"footnotes":""},"categories":[],"tags":[],"_links":{"self":[{"href":"https:\/\/www.yvelinesradio.com\/radio\/wp-json\/wp\/v2\/posts\/106"}],"collection":[{"href":"https:\/\/www.yvelinesradio.com\/radio\/wp-json\/wp\/v2\/posts"}],"about":[{"href":"https:\/\/www.yvelinesradio.com\/radio\/wp-json\/wp\/v2\/types\/post"}],"author":[{"embeddable":true,"href":"https:\/\/www.yvelinesradio.com\/radio\/wp-json\/wp\/v2\/users\/16"}],"replies":[{"embeddable":true,"href":"https:\/\/www.yvelinesradio.com\/radio\/wp-json\/wp\/v2\/comments?post=106"}],"version-history":[{"count":0,"href":"https:\/\/www.yvelinesradio.com\/radio\/wp-json\/wp\/v2\/posts\/106\/revisions"}],"wp:attachment":[{"href":"https:\/\/www.yvelinesradio.com\/radio\/wp-json\/wp\/v2\/media?parent=106"}],"wp:term":[{"taxonomy":"category","embeddable":true,"href":"https:\/\/www.yvelinesradio.com\/radio\/wp-json\/wp\/v2\/categories?post=106"},{"taxonomy":"post_tag","embeddable":true,"href":"https:\/\/www.yvelinesradio.com\/radio\/wp-json\/wp\/v2\/tags?post=106"}],"curies":[{"name":"wp","href":"https:\/\/api.w.org\/{rel}","templated":true}]}}